{"id":5291,"date":"2024-04-03T11:31:10","date_gmt":"2024-04-03T14:31:10","guid":{"rendered":"https:\/\/jeffersonisac.adv.br\/index.php\/2024\/04\/03\/projeto-determina-que-o-ministerio-da-saude-defina-quais-vacinas-sao-obrigatorias-no-pais\/"},"modified":"2024-04-03T11:31:10","modified_gmt":"2024-04-03T14:31:10","slug":"projeto-determina-que-o-ministerio-da-saude-defina-quais-vacinas-sao-obrigatorias-no-pais","status":"publish","type":"post","link":"https:\/\/jeffersonisac.adv.br\/index.php\/2024\/04\/03\/projeto-determina-que-o-ministerio-da-saude-defina-quais-vacinas-sao-obrigatorias-no-pais\/","title":{"rendered":"Projeto determina que o Minist\u00e9rio da Sa\u00fade defina quais vacinas s\u00e3o obrigat\u00f3rias no Pa\u00eds"},"content":{"rendered":"<div class=\"image-container\">\n<div class=\"midia-creditos\"><em>Zeca Ribeiro\/C\u00e2mara dos Deputados<\/em><\/div>\n<div class=\"media-wrapper\"><\/div>\n<div class=\"midia-legenda\">Adriana Ventura \u00e9 a autora da proposta<\/div>\n<\/div>\n<p>O Projeto de Lei 776\/24 determina que o Minist\u00e9rio da Sa\u00fade defina, por meio de portaria, quais as vacinas s\u00e3o obrigat\u00f3rias no Brasil. O texto, em an\u00e1lise na C\u00e2mara dos Deputados, insere a regra na <a class=\"linkLegislacao\" href=\"https:\/\/www2.camara.gov.br\/legin\/fed\/lei\/1970-1979\/lei-6259-30-outubro-1975-357094-norma-pl.html\">Lei de Vigil\u00e2ncia Epidemiol\u00f3gica<\/a>.<\/p>\n<p>O projeto tamb\u00e9m altera o <a class=\"linkLegislacao\" href=\"https:\/\/www2.camara.gov.br\/legin\/fed\/lei\/1990\/lei-8069-13-julho-1990-372211-norma-pl.html\">Estatuto da Crian\u00e7a e do Adolescente <\/a>(ECA) para tornar obrigat\u00f3ria a vacina\u00e7\u00e3o de crian\u00e7as conforme as determina\u00e7\u00f5es do Minist\u00e9rio de Sa\u00fade. Hoje s\u00e3o as autoridades sanit\u00e1rias que definem quando a vacina\u00e7\u00e3o das crian\u00e7as ser\u00e1 obrigat\u00f3ria.<\/p>\n<p>Segundo a deputada Adriana Ventura (Novo-SP), autora da proposta, a Lei de Vigil\u00e2ncia Epidemiol\u00f3gica n\u00e3o aborda como as vacinas s\u00e3o inclu\u00eddas no Plano Nacional de Imuniza\u00e7\u00f5es (PNI) ou quais os crit\u00e9rios para serem classificadas como obrigat\u00f3rias.<\/p>\n<p>\u201cPara garantir a efic\u00e1cia e a aplica\u00e7\u00e3o uniforme das vacinas em todo o Pa\u00eds, \u00e9 crucial estabelecer e harmonizar a forma pela qual esses imunizantes ser\u00e3o inclu\u00eddos e classificados como obrigat\u00f3rios no PNI\u201d, explica a deputada.<\/p>\n<p><strong>Pr\u00f3ximos passos<\/strong><br \/>\nO projeto tramita em <span class=\"termoGlossario\">car\u00e1ter conclusivo<\/span> e ser\u00e1 analisado pelas comiss\u00f5es de Sa\u00fade; e de Constitui\u00e7\u00e3o e Justi\u00e7a e de Cidadania.<\/p>\n<p><a href=\"https:\/\/www.camara.leg.br\/noticias\/573454-SAIBA-MAIS-SOBRE-A-TRAMITACAO-DE-PROJETOS-DE-LEI\">Saiba mais sobre a tramita\u00e7\u00e3o de projetos de lei<\/a><\/p>","protected":false},"excerpt":{"rendered":"<p>Zeca Ribeiro\/C\u00e2mara dos Deputados Adriana Ventura \u00e9 a autora da proposta O Projeto de Lei 776\/24 determina que o Minist\u00e9rio da Sa\u00fade defina, por meio de portaria, quais as vacinas s\u00e3o obrigat\u00f3rias no Brasil. O texto, em an\u00e1lise na C\u00e2mara dos Deputados, insere a regra na Lei de Vigil\u00e2ncia Epidemiol\u00f3gica. O projeto tamb\u00e9m altera o [&hellip;]<\/p>\n","protected":false},"author":0,"featured_media":0,"comment_status":"open","ping_status":"open","sticky":false,"template":"","format":"standard","meta":{"footnotes":""},"categories":[1],"tags":[],"_links":{"self":[{"href":"https:\/\/jeffersonisac.adv.br\/index.php\/wp-json\/wp\/v2\/posts\/5291"}],"collection":[{"href":"https:\/\/jeffersonisac.adv.br\/index.php\/wp-json\/wp\/v2\/posts"}],"about":[{"href":"https:\/\/jeffersonisac.adv.br\/index.php\/wp-json\/wp\/v2\/types\/post"}],"replies":[{"embeddable":true,"href":"https:\/\/jeffersonisac.adv.br\/index.php\/wp-json\/wp\/v2\/comments?post=5291"}],"version-history":[{"count":0,"href":"https:\/\/jeffersonisac.adv.br\/index.php\/wp-json\/wp\/v2\/posts\/5291\/revisions"}],"wp:attachment":[{"href":"https:\/\/jeffersonisac.adv.br\/index.php\/wp-json\/wp\/v2\/media?parent=5291"}],"wp:term":[{"taxonomy":"category","embeddable":true,"href":"https:\/\/jeffersonisac.adv.br\/index.php\/wp-json\/wp\/v2\/categories?post=5291"},{"taxonomy":"post_tag","embeddable":true,"href":"https:\/\/jeffersonisac.adv.br\/index.php\/wp-json\/wp\/v2\/tags?post=5291"}],"curies":[{"name":"wp","href":"https:\/\/api.w.org\/{rel}","templated":true}]}}