{"id":5339,"date":"2024-04-08T16:05:35","date_gmt":"2024-04-08T19:05:35","guid":{"rendered":"https:\/\/jeffersonisac.adv.br\/index.php\/2024\/04\/08\/projeto-amplia-fatia-do-fpm-para-municipios-localizados-na-amazonia-legal\/"},"modified":"2024-04-08T16:05:35","modified_gmt":"2024-04-08T19:05:35","slug":"projeto-amplia-fatia-do-fpm-para-municipios-localizados-na-amazonia-legal","status":"publish","type":"post","link":"https:\/\/jeffersonisac.adv.br\/index.php\/2024\/04\/08\/projeto-amplia-fatia-do-fpm-para-municipios-localizados-na-amazonia-legal\/","title":{"rendered":"Projeto amplia fatia do FPM para munic\u00edpios localizados na Amaz\u00f4nia Legal"},"content":{"rendered":"<div class=\"image-container\">\n<div class=\"midia-creditos\"><em>Zeca Ribeiro \/ C\u00e2mara dos Deputados<\/em><\/div>\n<div class=\"media-wrapper\"><\/div>\n<div class=\"midia-legenda\">Deputado Henderson Pinto, o autor da proposta<\/div>\n<\/div>\n<p>O Projeto de Lei Complementar (PLP) 18\/24 determina que o coeficiente individual do Fundo de Participa\u00e7\u00e3o dos Munic\u00edpios (<span class=\"termoGlossario\">FPM<\/span>) seja considerado em dobro para as cidades localizadas na <span class=\"termoGlossario\">Amaz\u00f4nia Legal<\/span>. A proposta est\u00e1 em an\u00e1lise na C\u00e2mara dos Deputados.<\/p>\n<p>O texto altera o <a href=\"https:\/\/www2.camara.leg.br\/legin\/fed\/lei\/1960-1969\/lei-5172-25-outubro-1966-358971-norma-pl.html\">C\u00f3digo Tribut\u00e1rio Nacional<\/a>, que hoje atribui um coeficiente de distribui\u00e7\u00e3o dos recursos do fundo para os munic\u00edpios de interior, com base na popula\u00e7\u00e3o local. Esse coeficiente varia de 0,6 a 4.<\/p>\n<p>O deputado Henderson Pinto (MDB-PA), autor do projeto, afirma que a medida visa incorporar o \u201ccusto amaz\u00f4nico\u201d no rateio do FPM. Essa express\u00e3o engloba o incremento no pre\u00e7o de bens e servi\u00e7os na regi\u00e3o causado por problemas como infraestrutura deficiente e falta de pessoal especializado.<\/p>\n<p>O deputado explica que o principal item desse custo \u00e9 o transporte, que \u00e9 preponderantemente fluvial em boa parte da regi\u00e3o. \u201cUma simples ida ao posto de sa\u00fade pode se tornar uma longa jornada\u201d, afirma o parlamentar. Para ele, a incorpora\u00e7\u00e3o do custo amaz\u00f4nico vai tornar a distribui\u00e7\u00e3o do FPM mais equitativa, promovendo a qualidade de vida da popula\u00e7\u00e3o em \u00e1reas mais remotas.<\/p>\n<p><strong>Pr\u00f3ximos passos<br \/>\n<\/strong>O projeto ser\u00e1 analisado pelas comiss\u00f5es da Amaz\u00f4nia e dos Povos Origin\u00e1rios e Tradicionais; Finan\u00e7as e Tributa\u00e7\u00e3o; e Constitui\u00e7\u00e3o e Justi\u00e7a e de Cidadania. Depois seguir\u00e1 para o Plen\u00e1rio da C\u00e2mara.<\/p>\n<p><a href=\"https:\/\/www.camara.leg.br\/noticias\/606442-conheca-a-tramitacao-de-projetos-de-lei-complementar\/\">Conhe\u00e7a a tramita\u00e7\u00e3o de projetos de lei complementar<\/a><\/p>\n<p>\u00a0<\/p>\n<div><\/div>\n<p>\u00a0<\/p>","protected":false},"excerpt":{"rendered":"<p>Zeca Ribeiro \/ C\u00e2mara dos Deputados Deputado Henderson Pinto, o autor da proposta O Projeto de Lei Complementar (PLP) 18\/24 determina que o coeficiente individual do Fundo de Participa\u00e7\u00e3o dos Munic\u00edpios (FPM) seja considerado em dobro para as cidades localizadas na Amaz\u00f4nia Legal. A proposta est\u00e1 em an\u00e1lise na C\u00e2mara dos Deputados. O texto altera [&hellip;]<\/p>\n","protected":false},"author":0,"featured_media":0,"comment_status":"open","ping_status":"open","sticky":false,"template":"","format":"standard","meta":{"footnotes":""},"categories":[1],"tags":[],"_links":{"self":[{"href":"https:\/\/jeffersonisac.adv.br\/index.php\/wp-json\/wp\/v2\/posts\/5339"}],"collection":[{"href":"https:\/\/jeffersonisac.adv.br\/index.php\/wp-json\/wp\/v2\/posts"}],"about":[{"href":"https:\/\/jeffersonisac.adv.br\/index.php\/wp-json\/wp\/v2\/types\/post"}],"replies":[{"embeddable":true,"href":"https:\/\/jeffersonisac.adv.br\/index.php\/wp-json\/wp\/v2\/comments?post=5339"}],"version-history":[{"count":0,"href":"https:\/\/jeffersonisac.adv.br\/index.php\/wp-json\/wp\/v2\/posts\/5339\/revisions"}],"wp:attachment":[{"href":"https:\/\/jeffersonisac.adv.br\/index.php\/wp-json\/wp\/v2\/media?parent=5339"}],"wp:term":[{"taxonomy":"category","embeddable":true,"href":"https:\/\/jeffersonisac.adv.br\/index.php\/wp-json\/wp\/v2\/categories?post=5339"},{"taxonomy":"post_tag","embeddable":true,"href":"https:\/\/jeffersonisac.adv.br\/index.php\/wp-json\/wp\/v2\/tags?post=5339"}],"curies":[{"name":"wp","href":"https:\/\/api.w.org\/{rel}","templated":true}]}}