{"id":5346,"date":"2024-04-09T10:22:19","date_gmt":"2024-04-09T13:22:19","guid":{"rendered":"https:\/\/jeffersonisac.adv.br\/index.php\/2024\/04\/09\/projeto-preve-programa-de-cirurgia-capilar-pelo-sus\/"},"modified":"2024-04-09T10:22:19","modified_gmt":"2024-04-09T13:22:19","slug":"projeto-preve-programa-de-cirurgia-capilar-pelo-sus","status":"publish","type":"post","link":"https:\/\/jeffersonisac.adv.br\/index.php\/2024\/04\/09\/projeto-preve-programa-de-cirurgia-capilar-pelo-sus\/","title":{"rendered":"Projeto prev\u00ea programa de cirurgia capilar pelo SUS"},"content":{"rendered":"<div class=\"image-container\">\n<div class=\"midia-creditos\"><em>Zeca Ribeiro \/ C\u00e2mara dos Deputados<\/em><\/div>\n<div class=\"media-wrapper\"><\/div>\n<div class=\"midia-legenda\">Luciano Galego \u00e9 o autor da proposta<\/div>\n<\/div>\n<p>O Projeto de Lei 1078\/24, que tramita na C\u00e2mara dos Deputados, institui um programa de cirurgias capilares pelo Sistema \u00danico de Sa\u00fade (SUS) para pessoas com doen\u00e7as como alopecia, que se caracteriza pela perda de cabelos ou pelos do corpo, ou v\u00edtimas de acidentes que resultem em perda capilar significativa.<\/p>\n<p>Conforme o texto, as cirurgias ser\u00e3o realizadas a partir de encaminhamento m\u00e9dico e avalia\u00e7\u00e3o da necessidade do procedimento. As despesas correr\u00e3o por conta das dota\u00e7\u00f5es or\u00e7ament\u00e1rias pr\u00f3prias.<\/p>\n<p>O projeto foi apresentado pelo deputado suplente Luciano Galego (MA), quando exerceu mandato. Ele argumentou que o acesso a cirurgias capilares muitas vezes \u00e9 limitado a quem tem recursos financeiros para arcar com os custos do procedimento em cl\u00ednicas particulares, ficando desassistidos os que dependem do sistema p\u00fablico de sa\u00fade.<\/p>\n<p><strong>Qualidade de vida<br \/>\n<\/strong>\u201cA alopecia ou perda capilar pode ter um impacto significativo na qualidade de vida e na autoestima das pessoas afetadas\u201d, observou Luciano Galego. \u201cEm muitos casos, \u00e9 resultado de doen\u00e7as graves, como c\u00e2ncer, queimaduras extensas, interna\u00e7\u00f5es prolongadas ou acidentes traum\u00e1ticos.\u201d<\/p>\n<p>De acordo com o site do Minist\u00e9rio da Sa\u00fade, o SUS conta com estrutura e profissionais especializados para atender, de forma integral e gratuita, a alopecia. O tratamento pode ser iniciado na aten\u00e7\u00e3o prim\u00e1ria, mas o paciente pode ser encaminhado para a aten\u00e7\u00e3o especializada, com atendimento por dermatologista, se necess\u00e1rio.<\/p>\n<p><strong>Pr\u00f3ximos passos<\/strong><br \/>\nO projeto tramita em <span class=\"termoGlossario\">car\u00e1ter conclusivo<\/span> e ser\u00e1 analisado pelas comiss\u00f5es de Sa\u00fade; de Finan\u00e7as e Tributa\u00e7\u00e3o; e de Constitui\u00e7\u00e3o e Justi\u00e7a e de Cidadania.<\/p>\n<p><a href=\"https:\/\/www.camara.leg.br\/noticias\/573454-SAIBA-MAIS-SOBRE-A-TRAMITACAO-DE-PROJETOS-DE-LEI\">Saiba mais sobre a tramita\u00e7\u00e3o de projetos de lei<\/a><\/p>","protected":false},"excerpt":{"rendered":"<p>Zeca Ribeiro \/ C\u00e2mara dos Deputados Luciano Galego \u00e9 o autor da proposta O Projeto de Lei 1078\/24, que tramita na C\u00e2mara dos Deputados, institui um programa de cirurgias capilares pelo Sistema \u00danico de Sa\u00fade (SUS) para pessoas com doen\u00e7as como alopecia, que se caracteriza pela perda de cabelos ou pelos do corpo, ou v\u00edtimas [&hellip;]<\/p>\n","protected":false},"author":0,"featured_media":0,"comment_status":"open","ping_status":"open","sticky":false,"template":"","format":"standard","meta":{"footnotes":""},"categories":[1],"tags":[],"_links":{"self":[{"href":"https:\/\/jeffersonisac.adv.br\/index.php\/wp-json\/wp\/v2\/posts\/5346"}],"collection":[{"href":"https:\/\/jeffersonisac.adv.br\/index.php\/wp-json\/wp\/v2\/posts"}],"about":[{"href":"https:\/\/jeffersonisac.adv.br\/index.php\/wp-json\/wp\/v2\/types\/post"}],"replies":[{"embeddable":true,"href":"https:\/\/jeffersonisac.adv.br\/index.php\/wp-json\/wp\/v2\/comments?post=5346"}],"version-history":[{"count":0,"href":"https:\/\/jeffersonisac.adv.br\/index.php\/wp-json\/wp\/v2\/posts\/5346\/revisions"}],"wp:attachment":[{"href":"https:\/\/jeffersonisac.adv.br\/index.php\/wp-json\/wp\/v2\/media?parent=5346"}],"wp:term":[{"taxonomy":"category","embeddable":true,"href":"https:\/\/jeffersonisac.adv.br\/index.php\/wp-json\/wp\/v2\/categories?post=5346"},{"taxonomy":"post_tag","embeddable":true,"href":"https:\/\/jeffersonisac.adv.br\/index.php\/wp-json\/wp\/v2\/tags?post=5346"}],"curies":[{"name":"wp","href":"https:\/\/api.w.org\/{rel}","templated":true}]}}