{"id":5347,"date":"2024-04-09T11:24:27","date_gmt":"2024-04-09T14:24:27","guid":{"rendered":"https:\/\/jeffersonisac.adv.br\/index.php\/2024\/04\/09\/congresso-recebe-nesta-terca-feira-projecao-de-frases-e-imagens-pelo-dia-de-conscientizacao-sobre-o-autismo\/"},"modified":"2024-04-09T11:24:27","modified_gmt":"2024-04-09T14:24:27","slug":"congresso-recebe-nesta-terca-feira-projecao-de-frases-e-imagens-pelo-dia-de-conscientizacao-sobre-o-autismo","status":"publish","type":"post","link":"https:\/\/jeffersonisac.adv.br\/index.php\/2024\/04\/09\/congresso-recebe-nesta-terca-feira-projecao-de-frases-e-imagens-pelo-dia-de-conscientizacao-sobre-o-autismo\/","title":{"rendered":"Congresso recebe nesta ter\u00e7a-feira proje\u00e7\u00e3o de frases e imagens pelo Dia de Conscientiza\u00e7\u00e3o sobre o Autismo"},"content":{"rendered":"<div class=\"image-container\">\n<div class=\"midia-creditos\"><em>GettyImages<\/em><\/div>\n<div class=\"media-wrapper\"><\/div>\n<div class=\"midia-legenda\">O quebra-cabe\u00e7a \u00e9 um dos s\u00edmbolos mundiais do autismo<\/div>\n<\/div>\n<p>A fachada do pr\u00e9dio do Congresso Nacional recebe nesta ter\u00e7a-feira (9), entre as 19 horas e as 21 horas, proje\u00e7\u00e3o de frases e imagens sobre o Dia Mundial de Conscientiza\u00e7\u00e3o sobre o Autismo, celebrado em 2 de abril.<\/p>\n<p>A data foi institu\u00edda pela Organiza\u00e7\u00e3o das Na\u00e7\u00f5es Unidas (ONU), em 2008, como forma de alertar para a realidade vivida por pessoas com transtornos do espectro autista. O tema da campanha deste ano \u00e9 \u201cValorize as capacidades e respeite os limites!\u201d<\/p>\n<p>A proje\u00e7\u00e3o foi pedida pela deputada Iza Arruda (MDB-PE).<\/p>\n<p>O Congresso tamb\u00e9m recebeu ilumina\u00e7\u00e3o azul nos dias 2 e 3 de abril como parte das a\u00e7\u00f5es desenvolvidas em todo o mundo sobre os direitos de pessoas com autismo e a necessidade de pol\u00edticas efetivas de inclus\u00e3o. Foram realizadas ainda sess\u00f5es solenes na C\u00e2mara dos Deputados e no Senado Federal.<\/p>\n<p><strong>Autismo<\/strong><br \/>\nO autismo \u00e9 um transtorno que costuma surgir durante os dois primeiros anos de vida, como resultado de uma desordem neurol\u00f3gica que afeta o funcionamento do c\u00e9rebro. Esse transtorno prejudica o desenvolvimento do indiv\u00edduo em sua intera\u00e7\u00e3o social e habilidades de comunica\u00e7\u00e3o.<\/p>\n<p>As pessoas com autismo frequentemente t\u00eam outras comorbidades como epilepsia, depress\u00e3o, ansiedade, transtorno de d\u00e9ficit de aten\u00e7\u00e3o e hiperatividade. O n\u00edvel intelectual varia muito de um caso para outro, indo de deteriora\u00e7\u00e3o profunda a casos com altas habilidades cognitivas.<\/p>\n<p><strong>Tratamento<br \/>\n<\/strong>Apesar de ser um transtorno cr\u00f4nico, o autismo conta com esquemas de tratamento que devem ser introduzidos t\u00e3o logo seja feito o diagn\u00f3stico. \u00c9 importante que sejam aplicados de forma individualizada e por equipe multidisciplinar (m\u00e9dicos, psic\u00f3logos, fonoaudi\u00f3logos, pedagogos, fisioterapeutas, terapeutas ocupacionais e educadores f\u00edsicos), al\u00e9m da orienta\u00e7\u00e3o a pais e cuidadores.<\/p>\n<p>\u00a0<\/p>\n<div><\/div>\n<p>\u00a0<\/p>","protected":false},"excerpt":{"rendered":"<p>GettyImages O quebra-cabe\u00e7a \u00e9 um dos s\u00edmbolos mundiais do autismo A fachada do pr\u00e9dio do Congresso Nacional recebe nesta ter\u00e7a-feira (9), entre as 19 horas e as 21 horas, proje\u00e7\u00e3o de frases e imagens sobre o Dia Mundial de Conscientiza\u00e7\u00e3o sobre o Autismo, celebrado em 2 de abril. A data foi institu\u00edda pela Organiza\u00e7\u00e3o das [&hellip;]<\/p>\n","protected":false},"author":0,"featured_media":0,"comment_status":"open","ping_status":"open","sticky":false,"template":"","format":"standard","meta":{"footnotes":""},"categories":[1],"tags":[],"_links":{"self":[{"href":"https:\/\/jeffersonisac.adv.br\/index.php\/wp-json\/wp\/v2\/posts\/5347"}],"collection":[{"href":"https:\/\/jeffersonisac.adv.br\/index.php\/wp-json\/wp\/v2\/posts"}],"about":[{"href":"https:\/\/jeffersonisac.adv.br\/index.php\/wp-json\/wp\/v2\/types\/post"}],"replies":[{"embeddable":true,"href":"https:\/\/jeffersonisac.adv.br\/index.php\/wp-json\/wp\/v2\/comments?post=5347"}],"version-history":[{"count":0,"href":"https:\/\/jeffersonisac.adv.br\/index.php\/wp-json\/wp\/v2\/posts\/5347\/revisions"}],"wp:attachment":[{"href":"https:\/\/jeffersonisac.adv.br\/index.php\/wp-json\/wp\/v2\/media?parent=5347"}],"wp:term":[{"taxonomy":"category","embeddable":true,"href":"https:\/\/jeffersonisac.adv.br\/index.php\/wp-json\/wp\/v2\/categories?post=5347"},{"taxonomy":"post_tag","embeddable":true,"href":"https:\/\/jeffersonisac.adv.br\/index.php\/wp-json\/wp\/v2\/tags?post=5347"}],"curies":[{"name":"wp","href":"https:\/\/api.w.org\/{rel}","templated":true}]}}