{"id":5376,"date":"2024-04-10T08:24:52","date_gmt":"2024-04-10T11:24:52","guid":{"rendered":"https:\/\/jeffersonisac.adv.br\/index.php\/2024\/04\/10\/comissao-sobre-prevencao-a-desastres-naturais-realiza-audiencia-publica-nesta-quarta\/"},"modified":"2024-04-10T08:24:52","modified_gmt":"2024-04-10T11:24:52","slug":"comissao-sobre-prevencao-a-desastres-naturais-realiza-audiencia-publica-nesta-quarta","status":"publish","type":"post","link":"https:\/\/jeffersonisac.adv.br\/index.php\/2024\/04\/10\/comissao-sobre-prevencao-a-desastres-naturais-realiza-audiencia-publica-nesta-quarta\/","title":{"rendered":"Comiss\u00e3o sobre preven\u00e7\u00e3o a desastres naturais realiza audi\u00eancia p\u00fablica nesta quarta"},"content":{"rendered":"<div class=\"image-container\">\n<div class=\"midia-creditos\"><em>Paulo Pinto\/Ag\u00eancia Brasil<\/em><\/div>\n<div class=\"media-wrapper\"><\/div>\n<div class=\"midia-legenda\">Mudan\u00e7as clim\u00e1ticas t\u00eam elevado as temperaturas<\/div>\n<\/div>\n<p>A comiss\u00e3o especial sobre preven\u00e7\u00e3o e aux\u00edlio a desastres e calamidades naturais promove audi\u00eancia p\u00fablica nesta quarta-feira (10) com coordenadores de Defesa Civil de estados atingidos por eventos clim\u00e1ticos. O debate, proposto pelo relator do colegiado, deputado Gilson Daniel (Podemos-ES), ser\u00e1 realizado \u00e0s 14h30, no plen\u00e1rio 13.<\/p>\n<p><a href=\"https:\/\/www.camara.leg.br\/evento-legislativo\/72342\">Confira a pauta<\/a><\/p>\n<p>De acordo com a Organiza\u00e7\u00e3o Meteorol\u00f3gica Mundial (OMM), destaca o deputado, as mudan\u00e7as clim\u00e1ticas cada vez mais extremas causaram um aumento nos desastres naturais nos \u00faltimos 50 anos.<\/p>\n<p>Esses eventos afetam desproporcionalmente os pa\u00edses mais pobres, em especial as popula\u00e7\u00f5es socialmente mais vulner\u00e1veis que ocupam \u00e1reas de risco.<\/p>\n<p>Segundo a Organiza\u00e7\u00e3o das Na\u00e7\u00f5es Unidas (ONU), desde 2015 houve um aumento de 80% no n\u00famero de pessoas afetadas em todo o mundo.<\/p>\n<p><strong>Cat\u00e1strofes no Brasil<\/strong><br \/>\n&#8220;No Brasil, conforme estudo da empresa brit\u00e2nica <em>Uswitch<\/em>, pelo menos 116 milh\u00f5es de pessoas j\u00e1 foram afetadas por esse tipo de evento nos \u00faltimos 120 anos&#8221;, informa Gilson Daniel.<\/p>\n<p>Um estudo elaborado pela Confedera\u00e7\u00e3o Nacional dos Munic\u00edpios (CNM), entre 2013 e 2022, revelou que os desastres naturais como tempestades, inunda\u00e7\u00f5es, enxurradas e alagamentos atingiram 5.199 munic\u00edpios brasileiros. Isso representa 93% do total de 5.570.<\/p>\n<p>De acordo com o estudo, esses eventos afetaram a vida de mais de 4,2 milh\u00f5es de pessoas, que tiveram de abandonar as pr\u00f3prias casas.<\/p>","protected":false},"excerpt":{"rendered":"<p>Paulo Pinto\/Ag\u00eancia Brasil Mudan\u00e7as clim\u00e1ticas t\u00eam elevado as temperaturas A comiss\u00e3o especial sobre preven\u00e7\u00e3o e aux\u00edlio a desastres e calamidades naturais promove audi\u00eancia p\u00fablica nesta quarta-feira (10) com coordenadores de Defesa Civil de estados atingidos por eventos clim\u00e1ticos. O debate, proposto pelo relator do colegiado, deputado Gilson Daniel (Podemos-ES), ser\u00e1 realizado \u00e0s 14h30, no plen\u00e1rio [&hellip;]<\/p>\n","protected":false},"author":0,"featured_media":0,"comment_status":"open","ping_status":"open","sticky":false,"template":"","format":"standard","meta":{"footnotes":""},"categories":[1],"tags":[],"_links":{"self":[{"href":"https:\/\/jeffersonisac.adv.br\/index.php\/wp-json\/wp\/v2\/posts\/5376"}],"collection":[{"href":"https:\/\/jeffersonisac.adv.br\/index.php\/wp-json\/wp\/v2\/posts"}],"about":[{"href":"https:\/\/jeffersonisac.adv.br\/index.php\/wp-json\/wp\/v2\/types\/post"}],"replies":[{"embeddable":true,"href":"https:\/\/jeffersonisac.adv.br\/index.php\/wp-json\/wp\/v2\/comments?post=5376"}],"version-history":[{"count":0,"href":"https:\/\/jeffersonisac.adv.br\/index.php\/wp-json\/wp\/v2\/posts\/5376\/revisions"}],"wp:attachment":[{"href":"https:\/\/jeffersonisac.adv.br\/index.php\/wp-json\/wp\/v2\/media?parent=5376"}],"wp:term":[{"taxonomy":"category","embeddable":true,"href":"https:\/\/jeffersonisac.adv.br\/index.php\/wp-json\/wp\/v2\/categories?post=5376"},{"taxonomy":"post_tag","embeddable":true,"href":"https:\/\/jeffersonisac.adv.br\/index.php\/wp-json\/wp\/v2\/tags?post=5376"}],"curies":[{"name":"wp","href":"https:\/\/api.w.org\/{rel}","templated":true}]}}