{"id":5426,"date":"2024-04-12T11:26:15","date_gmt":"2024-04-12T14:26:15","guid":{"rendered":"https:\/\/jeffersonisac.adv.br\/index.php\/2024\/04\/12\/lei-das-saidinhas-e-sancionada-com-vetos\/"},"modified":"2024-04-12T11:26:15","modified_gmt":"2024-04-12T14:26:15","slug":"lei-das-saidinhas-e-sancionada-com-vetos","status":"publish","type":"post","link":"https:\/\/jeffersonisac.adv.br\/index.php\/2024\/04\/12\/lei-das-saidinhas-e-sancionada-com-vetos\/","title":{"rendered":"\u201cLei das Saidinhas\u201d \u00e9 sancionada com vetos"},"content":{"rendered":"<div class=\"image-container\">\n<div class=\"midia-creditos\"><em>Paulo H. Carvalho\/Ag\u00eancia Bras\u00edlia<\/em><\/div>\n<div class=\"media-wrapper\"><\/div>\n<div class=\"midia-legenda\">S\u00f3 presos em regime semiaberto podem pleitear a sa\u00edda tempor\u00e1ria<\/div>\n<\/div>\n<p>O presidente Luiz In\u00e1cio Lula da Silva sancionou com <span class=\"termoGlossario\">vetos<\/span> a <a class=\"linkLegislacao\" href=\"https:\/\/www2.camara.gov.br\/legin\/fed\/lei\/2024\/lei-14843-11-abril-2024-795495-norma-pl.html\">Lei 14.843\/24<\/a>, que acaba com a sa\u00edda tempor\u00e1ria de presos do regime semiaberto. Lula manteve a sa\u00edda tempor\u00e1ria para visita \u00e0 fam\u00edlia e para cursar supletivo profissionalizante, ensino m\u00e9dio ou superior.<\/p>\n<p>A <a class=\"linkLegislacao\" href=\"https:\/\/www2.camara.gov.br\/legin\/fed\/lei\/2024\/lei-14843-11-abril-2024-795495-norma-pl.html\">Lei 14.843\/24<\/a>, publicada em edi\u00e7\u00e3o extra do Di\u00e1rio Oficial da Uni\u00e3o nesta quinta-feira (11), teve origem no <a class=\"linkProposicao\" href=\"https:\/\/www.camara.leg.br\/noticias\/215476-proposta-amplia-casos-de-monitoramento-eletronico-de-presos\">Projeto de Lei 2253\/22<\/a>, <a href=\"https:\/\/www.camara.leg.br\/noticias\/1045543-CAMARA-APROVA-PROJETO-QUE-RESTRINGE-SAIDA-TEMPORARIA-DE-PRESOS\">aprovado pela C\u00e2mara dos Deputados<\/a> e pelo Senado.<\/p>\n<p>O veto foi sugerido pelo ministro da Justi\u00e7a e Seguran\u00e7a P\u00fablica, Ricardo Lewandowski.\u00a0\u201cA proibi\u00e7\u00e3o de visita \u00e0s fam\u00edlias dos presos que j\u00e1 se encontram no regime semiaberto atenta contra valores fundamentais da Constitui\u00e7\u00e3o, como o princ\u00edpio da dignidade da pessoa humana, o princ\u00edpio da individualiza\u00e7\u00e3o da pena e a obriga\u00e7\u00e3o do Estado de proteger a fam\u00edlia\u201d, detalhou Lewandowski.<\/p>\n<p>Na elabora\u00e7\u00e3o do projeto de lei, o Congresso optou por proibir a sa\u00edda tempor\u00e1ria para visitar a fam\u00edlia no mesmo dispositivo que veda a sa\u00edda tempor\u00e1ria para atividades de conv\u00edvio social. Diante disso, o presidente n\u00e3o pode vetar apenas a proibi\u00e7\u00e3o de visita \u00e0 fam\u00edlia. O segundo item \u00e9 \u201carrastado\u201d para o veto, uma vez que a Constitui\u00e7\u00e3o pro\u00edbe veto parcial em um mesmo dispositivo.<\/p>\n<p><a href=\"https:\/\/www.camara.leg.br\/noticias\/1013750-saiba-como-e-a-analise-dos-vetos-pelo-congresso-nacional\/\">Saiba como \u00e9 a an\u00e1lise dos vetos pelo Congresso Nacional<\/a><\/p>\n<p><strong>Outras restri\u00e7\u00f5es mantidas<\/strong><br \/>\nLewandowski ressaltou que as outras restri\u00e7\u00f5es estabelecidas pelo Congresso, como a necessidade de exame criminol\u00f3gico para progress\u00e3o de regime e o uso de tornozeleiras eletr\u00f4nicas, foram preservadas no texto sancionado.<\/p>\n<p>Tamb\u00e9m seguindo parecer do ministro, o presidente sancionou o trecho que pro\u00edbe sa\u00edda tempor\u00e1ria, sem vigil\u00e2ncia direta, para condenados por praticar <span class=\"termoGlossario\">crimes hediondos<\/span>, com viol\u00eancia ou grave amea\u00e7a, a exemplo de estupro, homic\u00eddio, latroc\u00ednio e tr\u00e1fico de drogas.<\/p>\n<p><strong>Semiaberto<br \/>\n<\/strong>As sa\u00eddas tempor\u00e1rias, regulamentadas pela <a class=\"linkLegislacao\" href=\"https:\/\/www2.camara.gov.br\/legin\/fed\/lei\/1980-1987\/lei-7210-11-julho-1984-356938-norma-pl.html\">Lei de Execu\u00e7\u00e3o Penal<\/a>, s\u00e3o concedidas, exclusivamente, a detentos do regime semiaberto que j\u00e1 tenham cumprido um sexto da pena total e tenham bom comportamento.<\/p>\n<p>Hoje, de acordo com os \u00faltimos dados da Secretaria Nacional de Pol\u00edticas Penais, o Brasil tem 118.328 presos em regime semiaberto, mas nem todos est\u00e3o aptos \u00e0 sa\u00edda tempor\u00e1ria. Para obter o &#8220;benef\u00edcio&#8221; das sa\u00eddas tempor\u00e1rias, o condenado precisa preencher requisitos estabelecidos na legisla\u00e7\u00e3o, que ser\u00e3o analisados pelo juiz da execu\u00e7\u00e3o penal.<\/p>\n<p>Al\u00e9m disso, a medida n\u00e3o pode ser deferida se o preso n\u00e3o tiver endere\u00e7o fixo de pernoite e se n\u00e3o houver m\u00ednimas garantias de retorno ao pres\u00eddio ao t\u00e9rmino do per\u00edodo concedido.<\/p>\n<p>At\u00e9 o ano passado, o Brasil tinha 650.822 presos e 201.188 condenados cumprindo pris\u00e3o domiciliar.<\/p>","protected":false},"excerpt":{"rendered":"<p>Paulo H. Carvalho\/Ag\u00eancia Bras\u00edlia S\u00f3 presos em regime semiaberto podem pleitear a sa\u00edda tempor\u00e1ria O presidente Luiz In\u00e1cio Lula da Silva sancionou com vetos a Lei 14.843\/24, que acaba com a sa\u00edda tempor\u00e1ria de presos do regime semiaberto. Lula manteve a sa\u00edda tempor\u00e1ria para visita \u00e0 fam\u00edlia e para cursar supletivo profissionalizante, ensino m\u00e9dio ou [&hellip;]<\/p>\n","protected":false},"author":0,"featured_media":0,"comment_status":"open","ping_status":"open","sticky":false,"template":"","format":"standard","meta":{"footnotes":""},"categories":[1],"tags":[],"_links":{"self":[{"href":"https:\/\/jeffersonisac.adv.br\/index.php\/wp-json\/wp\/v2\/posts\/5426"}],"collection":[{"href":"https:\/\/jeffersonisac.adv.br\/index.php\/wp-json\/wp\/v2\/posts"}],"about":[{"href":"https:\/\/jeffersonisac.adv.br\/index.php\/wp-json\/wp\/v2\/types\/post"}],"replies":[{"embeddable":true,"href":"https:\/\/jeffersonisac.adv.br\/index.php\/wp-json\/wp\/v2\/comments?post=5426"}],"version-history":[{"count":0,"href":"https:\/\/jeffersonisac.adv.br\/index.php\/wp-json\/wp\/v2\/posts\/5426\/revisions"}],"wp:attachment":[{"href":"https:\/\/jeffersonisac.adv.br\/index.php\/wp-json\/wp\/v2\/media?parent=5426"}],"wp:term":[{"taxonomy":"category","embeddable":true,"href":"https:\/\/jeffersonisac.adv.br\/index.php\/wp-json\/wp\/v2\/categories?post=5426"},{"taxonomy":"post_tag","embeddable":true,"href":"https:\/\/jeffersonisac.adv.br\/index.php\/wp-json\/wp\/v2\/tags?post=5426"}],"curies":[{"name":"wp","href":"https:\/\/api.w.org\/{rel}","templated":true}]}}