{"id":5443,"date":"2024-04-15T13:08:35","date_gmt":"2024-04-15T16:08:35","guid":{"rendered":"https:\/\/jeffersonisac.adv.br\/index.php\/2024\/04\/15\/comissao-homenageia-instituto-de-resseguros-do-brasil-nesta-quinta\/"},"modified":"2024-04-15T13:08:35","modified_gmt":"2024-04-15T16:08:35","slug":"comissao-homenageia-instituto-de-resseguros-do-brasil-nesta-quinta","status":"publish","type":"post","link":"https:\/\/jeffersonisac.adv.br\/index.php\/2024\/04\/15\/comissao-homenageia-instituto-de-resseguros-do-brasil-nesta-quinta\/","title":{"rendered":"Comiss\u00e3o homenageia Instituto de Resseguros do Brasil nesta quinta"},"content":{"rendered":"<div class=\"image-container\">\n<div class=\"midia-creditos\"><em>Pablo Valadares\/C\u00e2mara dos Deputados<\/em><\/div>\n<div class=\"media-wrapper\"><\/div>\n<div class=\"midia-legenda\">Homenagem foi proposta por Hugo Motta<\/div>\n<\/div>\n<p>A Comiss\u00e3o de Finan\u00e7as e Tributa\u00e7\u00e3o da C\u00e2mara dos Deputados promove homenagem nesta quinta-feira (18) ao Instituto de Resseguros do Brasil (IRB-Re) pelos 85 anos da atividade de resseguros no Pa\u00eds.<\/p>\n<p>A audi\u00eancia ser\u00e1 realizada no plen\u00e1rio 4, a partir das 10 horas, a pedido do deputado Hugo Motta (Republicanos-PB).<\/p>\n<p><a href=\"https:\/\/www.camara.leg.br\/evento-legislativo\/72465\">Veja quem foi convidado para participar do evento<\/a><\/p>\n<p>O instituto \u00e9 uma empresa de resseguros que oferece cobertura para riscos<br \/>\nem todas as linhas de neg\u00f3cio.<\/p>\n<p><strong>Hist\u00f3ria<\/strong><br \/>\nA entidade foi criada em 1939 com a miss\u00e3o de regular os riscos de empresas nacionais que antes eram transferidos para o exterior.<\/p>\n<p>Em 1996, o instituto foi reestruturado e tornou-se uma sociedade de economia mista. Em\u00a02007, ap\u00f3s 69 anos de monop\u00f3lio, a\u00a0regula\u00e7\u00e3o do mercado de<br \/>\nresseguros \u00e9 assumida pela \u00a0Superintend\u00eancia de Seguros Privados (Susep) e o IRB passa a ser classificado como ressegurador local.<\/p>\n<p>Em 2013, o IRB foi privatizado e em 2017 passou a oferecer a\u00e7\u00f5es na bolsa brasileira. E em 2023, a empresa passou a se chamar IRB(Re).<\/p>","protected":false},"excerpt":{"rendered":"<p>Pablo Valadares\/C\u00e2mara dos Deputados Homenagem foi proposta por Hugo Motta A Comiss\u00e3o de Finan\u00e7as e Tributa\u00e7\u00e3o da C\u00e2mara dos Deputados promove homenagem nesta quinta-feira (18) ao Instituto de Resseguros do Brasil (IRB-Re) pelos 85 anos da atividade de resseguros no Pa\u00eds. A audi\u00eancia ser\u00e1 realizada no plen\u00e1rio 4, a partir das 10 horas, a pedido [&hellip;]<\/p>\n","protected":false},"author":0,"featured_media":0,"comment_status":"open","ping_status":"open","sticky":false,"template":"","format":"standard","meta":{"footnotes":""},"categories":[1],"tags":[],"_links":{"self":[{"href":"https:\/\/jeffersonisac.adv.br\/index.php\/wp-json\/wp\/v2\/posts\/5443"}],"collection":[{"href":"https:\/\/jeffersonisac.adv.br\/index.php\/wp-json\/wp\/v2\/posts"}],"about":[{"href":"https:\/\/jeffersonisac.adv.br\/index.php\/wp-json\/wp\/v2\/types\/post"}],"replies":[{"embeddable":true,"href":"https:\/\/jeffersonisac.adv.br\/index.php\/wp-json\/wp\/v2\/comments?post=5443"}],"version-history":[{"count":0,"href":"https:\/\/jeffersonisac.adv.br\/index.php\/wp-json\/wp\/v2\/posts\/5443\/revisions"}],"wp:attachment":[{"href":"https:\/\/jeffersonisac.adv.br\/index.php\/wp-json\/wp\/v2\/media?parent=5443"}],"wp:term":[{"taxonomy":"category","embeddable":true,"href":"https:\/\/jeffersonisac.adv.br\/index.php\/wp-json\/wp\/v2\/categories?post=5443"},{"taxonomy":"post_tag","embeddable":true,"href":"https:\/\/jeffersonisac.adv.br\/index.php\/wp-json\/wp\/v2\/tags?post=5443"}],"curies":[{"name":"wp","href":"https:\/\/api.w.org\/{rel}","templated":true}]}}