{"id":5476,"date":"2024-04-16T20:29:25","date_gmt":"2024-04-16T23:29:25","guid":{"rendered":"https:\/\/jeffersonisac.adv.br\/index.php\/2024\/04\/16\/camara-aprova-regime-de-urgencia-para-tres-projetos-de-lei-acompanhe\/"},"modified":"2024-04-16T20:29:25","modified_gmt":"2024-04-16T23:29:25","slug":"camara-aprova-regime-de-urgencia-para-tres-projetos-de-lei-acompanhe","status":"publish","type":"post","link":"https:\/\/jeffersonisac.adv.br\/index.php\/2024\/04\/16\/camara-aprova-regime-de-urgencia-para-tres-projetos-de-lei-acompanhe\/","title":{"rendered":"C\u00e2mara aprova regime de urg\u00eancia para tr\u00eas projetos de lei; acompanhe"},"content":{"rendered":"<div class=\"image-container\">\n<div class=\"midia-creditos\"><em>Zeca Ribeiro\/C\u00e2mara dos Deputados<\/em><\/div>\n<div class=\"media-wrapper\"><\/div>\n<div class=\"midia-legenda\">Deputados na sess\u00e3o do Plen\u00e1rio desta ter\u00e7a-feira<\/div>\n<\/div>\n<p>A C\u00e2mara dos Deputados aprovou o regime de <span class=\"termoGlossario\">urg\u00eancia<\/span> para tr\u00eas projetos de lei. Confira:<\/p>\n<p>PL 895\/23, do deputado Zucco (PL-RS), que estabelece san\u00e7\u00f5es administrativas e restri\u00e7\u00f5es aplicadas aos ocupantes e invasores de propriedades rurais e urbanas;<br \/>\n<a class=\"linkProposicao\" href=\"https:\/\/www.camara.leg.br\/noticias\/893697-projeto-autoriza-medicos-residentes-a-parcelarem-ferias\">PL 1732\/22<\/a>, da ex-deputada Soraya Manato, que autoriza m\u00e9dicos residentes a parcelarem f\u00e9rias;<br \/>\n<a class=\"linkProposicao\" href=\"https:\/\/www.camara.leg.br\/noticias\/847131-proposta-institui-politica-nacional-de-enfrentamento-ao-alzheimer\">PL 4364\/20<\/a>, do Senado, que institui pol\u00edtica nacional de enfrentamento ao Alzheimer.<\/p>\n<p>Os projetos com urg\u00eancia podem ser votados diretamente no Plen\u00e1rio, sem passar antes pelas comiss\u00f5es da C\u00e2mara.<\/p>\n<p><strong>Mais informa\u00e7\u00f5es em instantes<\/strong><\/p>\n<p><a href=\"https:\/\/www.youtube.com\/watch?v=Tmx5ni2sFgc\">Assista ao vivo<\/a><\/p>","protected":false},"excerpt":{"rendered":"<p>Zeca Ribeiro\/C\u00e2mara dos Deputados Deputados na sess\u00e3o do Plen\u00e1rio desta ter\u00e7a-feira A C\u00e2mara dos Deputados aprovou o regime de urg\u00eancia para tr\u00eas projetos de lei. Confira: PL 895\/23, do deputado Zucco (PL-RS), que estabelece san\u00e7\u00f5es administrativas e restri\u00e7\u00f5es aplicadas aos ocupantes e invasores de propriedades rurais e urbanas; PL 1732\/22, da ex-deputada Soraya Manato, que [&hellip;]<\/p>\n","protected":false},"author":0,"featured_media":0,"comment_status":"open","ping_status":"open","sticky":false,"template":"","format":"standard","meta":{"footnotes":""},"categories":[1],"tags":[],"_links":{"self":[{"href":"https:\/\/jeffersonisac.adv.br\/index.php\/wp-json\/wp\/v2\/posts\/5476"}],"collection":[{"href":"https:\/\/jeffersonisac.adv.br\/index.php\/wp-json\/wp\/v2\/posts"}],"about":[{"href":"https:\/\/jeffersonisac.adv.br\/index.php\/wp-json\/wp\/v2\/types\/post"}],"replies":[{"embeddable":true,"href":"https:\/\/jeffersonisac.adv.br\/index.php\/wp-json\/wp\/v2\/comments?post=5476"}],"version-history":[{"count":0,"href":"https:\/\/jeffersonisac.adv.br\/index.php\/wp-json\/wp\/v2\/posts\/5476\/revisions"}],"wp:attachment":[{"href":"https:\/\/jeffersonisac.adv.br\/index.php\/wp-json\/wp\/v2\/media?parent=5476"}],"wp:term":[{"taxonomy":"category","embeddable":true,"href":"https:\/\/jeffersonisac.adv.br\/index.php\/wp-json\/wp\/v2\/categories?post=5476"},{"taxonomy":"post_tag","embeddable":true,"href":"https:\/\/jeffersonisac.adv.br\/index.php\/wp-json\/wp\/v2\/tags?post=5476"}],"curies":[{"name":"wp","href":"https:\/\/api.w.org\/{rel}","templated":true}]}}