{"id":5510,"date":"2024-04-18T09:32:28","date_gmt":"2024-04-18T12:32:28","guid":{"rendered":"https:\/\/jeffersonisac.adv.br\/index.php\/2024\/04\/18\/cancelado-debate-sobre-desaparecimentos-forcados-no-brasil\/"},"modified":"2024-04-18T09:32:28","modified_gmt":"2024-04-18T12:32:28","slug":"cancelado-debate-sobre-desaparecimentos-forcados-no-brasil","status":"publish","type":"post","link":"https:\/\/jeffersonisac.adv.br\/index.php\/2024\/04\/18\/cancelado-debate-sobre-desaparecimentos-forcados-no-brasil\/","title":{"rendered":"Cancelado debate sobre desaparecimentos for\u00e7ados no Brasil"},"content":{"rendered":"<div class=\"image-container\">\n<div class=\"midia-creditos\"><em>M\u00e1rio Agra\/C\u00e2mara dos Deputados<\/em><\/div>\n<div class=\"media-wrapper\"><\/div>\n<div class=\"midia-legenda\">O debate foi proposto pelo deputado Glauber Braga<\/div>\n<\/div>\n<p>A <span class=\"termoGlossario\">Comiss\u00e3o de Legisla\u00e7\u00e3o Participativa<\/span> da C\u00e2mara dos Deputados cancelou o debate que realizaria nesta quinta-feira (18) sobre desaparecimentos for\u00e7ados.<\/p>\n<p>&#8220;O homic\u00eddio doloso seguido de oculta\u00e7\u00e3o\/destrui\u00e7\u00e3o de cad\u00e1ver, vem se tornando uma pr\u00e1tica cada vez mais recorrente, em todas as unidades federativas&#8221;, denuncia o presidente da comiss\u00e3o, deputado Glauber Braga (Psol-RJ).<\/p>\n<p>&#8220;At\u00e9 o presente momento, apesar de ser signat\u00e1rio de tratados internacionais sobre o assunto, o Brasil n\u00e3o tipificou o crime de desaparecimento for\u00e7ado&#8221;, critica o deputado.<\/p>\n<p>Braga acredita que a discuss\u00e3o sobre o assunto pode apontar as pol\u00edticas p\u00fablicas que precisam ser constru\u00eddas, apoiadas e fortalecidas para superar &#8220;esse mal que vem assolando uma parcela crescente da popula\u00e7\u00e3o&#8221;.<\/p>\n<p>A comiss\u00e3o ainda n\u00e3o marcou nova data para discutir o assunto.<\/p>","protected":false},"excerpt":{"rendered":"<p>M\u00e1rio Agra\/C\u00e2mara dos Deputados O debate foi proposto pelo deputado Glauber Braga A Comiss\u00e3o de Legisla\u00e7\u00e3o Participativa da C\u00e2mara dos Deputados cancelou o debate que realizaria nesta quinta-feira (18) sobre desaparecimentos for\u00e7ados. &#8220;O homic\u00eddio doloso seguido de oculta\u00e7\u00e3o\/destrui\u00e7\u00e3o de cad\u00e1ver, vem se tornando uma pr\u00e1tica cada vez mais recorrente, em todas as unidades federativas&#8221;, denuncia [&hellip;]<\/p>\n","protected":false},"author":0,"featured_media":0,"comment_status":"open","ping_status":"open","sticky":false,"template":"","format":"standard","meta":{"footnotes":""},"categories":[1],"tags":[],"_links":{"self":[{"href":"https:\/\/jeffersonisac.adv.br\/index.php\/wp-json\/wp\/v2\/posts\/5510"}],"collection":[{"href":"https:\/\/jeffersonisac.adv.br\/index.php\/wp-json\/wp\/v2\/posts"}],"about":[{"href":"https:\/\/jeffersonisac.adv.br\/index.php\/wp-json\/wp\/v2\/types\/post"}],"replies":[{"embeddable":true,"href":"https:\/\/jeffersonisac.adv.br\/index.php\/wp-json\/wp\/v2\/comments?post=5510"}],"version-history":[{"count":0,"href":"https:\/\/jeffersonisac.adv.br\/index.php\/wp-json\/wp\/v2\/posts\/5510\/revisions"}],"wp:attachment":[{"href":"https:\/\/jeffersonisac.adv.br\/index.php\/wp-json\/wp\/v2\/media?parent=5510"}],"wp:term":[{"taxonomy":"category","embeddable":true,"href":"https:\/\/jeffersonisac.adv.br\/index.php\/wp-json\/wp\/v2\/categories?post=5510"},{"taxonomy":"post_tag","embeddable":true,"href":"https:\/\/jeffersonisac.adv.br\/index.php\/wp-json\/wp\/v2\/tags?post=5510"}],"curies":[{"name":"wp","href":"https:\/\/api.w.org\/{rel}","templated":true}]}}