{"id":5512,"date":"2024-04-18T10:35:59","date_gmt":"2024-04-18T13:35:59","guid":{"rendered":"https:\/\/jeffersonisac.adv.br\/index.php\/2024\/04\/18\/frente-parlamentar-vai-trabalhar-na-camara-em-defesa-do-empreendedorismo-rural\/"},"modified":"2024-04-18T10:35:59","modified_gmt":"2024-04-18T13:35:59","slug":"frente-parlamentar-vai-trabalhar-na-camara-em-defesa-do-empreendedorismo-rural","status":"publish","type":"post","link":"https:\/\/jeffersonisac.adv.br\/index.php\/2024\/04\/18\/frente-parlamentar-vai-trabalhar-na-camara-em-defesa-do-empreendedorismo-rural\/","title":{"rendered":"Frente parlamentar vai trabalhar na C\u00e2mara em defesa do empreendedorismo rural"},"content":{"rendered":"<div class=\"image-container\">\n<div class=\"midia-creditos\"><em>M\u00e1rio Agra\/C\u00e2mara dos Deputados<\/em><\/div>\n<div class=\"media-wrapper\"><\/div>\n<div class=\"midia-legenda\">Deputado Fausto Pinato discursa no lan\u00e7amento da nova frente<\/div>\n<\/div>\n<p>Deputados lan\u00e7aram nesta quarta-feira (17) a <span class=\"termoGlossario\">Frente Parlamentar<\/span> em Defesa do Empreendedorismo Rural para fortalecer o setor, promovendo o desenvolvimento das cadeias econ\u00f4micas ligadas ao campo.<\/p>\n<p>O grupo ser\u00e1 presidido pelo deputado Fausto Pinato (PP-SP). &#8220;O empreendedorismo rural \u00e9 um motor essencial para o crescimento econ\u00f4mico do Brasil&#8221;, disse o parlamentar na solenidade de lan\u00e7amento.<\/p>\n<p>&#8220;Precisamos garantir que os pequenos agricultores tenham as ferramentas e o apoio necess\u00e1rio para prosperar no campo. Com a Frente Parlamentar em Defesa do Empreendedorismo Rural, estamos comprometidos em criar um ambiente favor\u00e1vel para o desenvolvimento sustent\u00e1vel das comunidades rurais em todo o Pa\u00eds&#8221;, afirmou Pinato.<\/p>\n<p><strong>Grupo suprapartid\u00e1rio<\/strong><br \/>\nFrente parlamentar\u00a0\u00e9 uma associa\u00e7\u00e3o de deputados de v\u00e1rios partidos para debater um assunto determinado. Para ser criada, a frente deve registrar um requerimento com o apoio de pelo menos 1\/3 de membros do Poder Legislativo.<\/p>\n<p>A Frente do Empreendedorismo Rural conta com a participa\u00e7\u00e3o de 212 parlamentares.<\/p>","protected":false},"excerpt":{"rendered":"<p>M\u00e1rio Agra\/C\u00e2mara dos Deputados Deputado Fausto Pinato discursa no lan\u00e7amento da nova frente Deputados lan\u00e7aram nesta quarta-feira (17) a Frente Parlamentar em Defesa do Empreendedorismo Rural para fortalecer o setor, promovendo o desenvolvimento das cadeias econ\u00f4micas ligadas ao campo. O grupo ser\u00e1 presidido pelo deputado Fausto Pinato (PP-SP). &#8220;O empreendedorismo rural \u00e9 um motor essencial [&hellip;]<\/p>\n","protected":false},"author":0,"featured_media":0,"comment_status":"open","ping_status":"open","sticky":false,"template":"","format":"standard","meta":{"footnotes":""},"categories":[1],"tags":[],"_links":{"self":[{"href":"https:\/\/jeffersonisac.adv.br\/index.php\/wp-json\/wp\/v2\/posts\/5512"}],"collection":[{"href":"https:\/\/jeffersonisac.adv.br\/index.php\/wp-json\/wp\/v2\/posts"}],"about":[{"href":"https:\/\/jeffersonisac.adv.br\/index.php\/wp-json\/wp\/v2\/types\/post"}],"replies":[{"embeddable":true,"href":"https:\/\/jeffersonisac.adv.br\/index.php\/wp-json\/wp\/v2\/comments?post=5512"}],"version-history":[{"count":0,"href":"https:\/\/jeffersonisac.adv.br\/index.php\/wp-json\/wp\/v2\/posts\/5512\/revisions"}],"wp:attachment":[{"href":"https:\/\/jeffersonisac.adv.br\/index.php\/wp-json\/wp\/v2\/media?parent=5512"}],"wp:term":[{"taxonomy":"category","embeddable":true,"href":"https:\/\/jeffersonisac.adv.br\/index.php\/wp-json\/wp\/v2\/categories?post=5512"},{"taxonomy":"post_tag","embeddable":true,"href":"https:\/\/jeffersonisac.adv.br\/index.php\/wp-json\/wp\/v2\/tags?post=5512"}],"curies":[{"name":"wp","href":"https:\/\/api.w.org\/{rel}","templated":true}]}}