{"id":5560,"date":"2024-04-22T11:31:43","date_gmt":"2024-04-22T14:31:43","guid":{"rendered":"https:\/\/jeffersonisac.adv.br\/index.php\/2024\/04\/22\/comissao-de-trabalho-debate-possibilidade-do-fim-do-saque-aniversario-do-fgts\/"},"modified":"2024-04-22T11:31:43","modified_gmt":"2024-04-22T14:31:43","slug":"comissao-de-trabalho-debate-possibilidade-do-fim-do-saque-aniversario-do-fgts","status":"publish","type":"post","link":"https:\/\/jeffersonisac.adv.br\/index.php\/2024\/04\/22\/comissao-de-trabalho-debate-possibilidade-do-fim-do-saque-aniversario-do-fgts\/","title":{"rendered":"Comiss\u00e3o de Trabalho debate possibilidade do fim do saque-anivers\u00e1rio do FGTS"},"content":{"rendered":"<div class=\"image-container\">\n<div class=\"midia-creditos\"><em>Divulga\u00e7\u00e3o\/Prefeitura de Uberaba-MG<\/em><\/div>\n<div class=\"media-wrapper\"><\/div>\n<div class=\"midia-legenda\">O trabalhador tem o direito a fazer o saque no m\u00eas do anivers\u00e1rio<\/div>\n<\/div>\n<p>A Comiss\u00e3o de Trabalho da C\u00e2mara dos Deputados debate, nesta quarta-feira (24), o fim do saque-anivers\u00e1rio do FGTS. O saque-anivers\u00e1rio \u00e9 uma op\u00e7\u00e3o dada ao trabalhador de, no m\u00eas de anivers\u00e1rio, sacar parte do seu saldo de FGTS. O debate ser\u00e1 realizado \u00e0s 16h30, no plen\u00e1rio 12.<\/p>\n<p><a href=\"https:\/\/www.camara.leg.br\/evento-legislativo\/72537\">Veja a lista completa de convidados<\/a><\/p>\n<p>O deputado Capit\u00e3o Alberto Neto (PL-AM) destaca que, recentemente, o Ministro do Trabalho, Luiz Marinho, afirmou que enviar\u00e1 ao Congresso Nacional uma proposta para extinguir essa modalidade de saque.<\/p>\n<p><a href=\"https:\/\/www.camara.leg.br\/noticias\/1053182-MINISTRO-DO-TRABALHO-VOLTA-A-DEFENDER-ALTERNATIVA-AO-SAQUE-ANIVERSARIO-NO-FGTS\">Ministro do Trabalho volta a defender alternativa ao saque-anivers\u00e1rio no FGTS<\/a><\/p>\n<p>&#8220;Nos \u00faltimos 20 anos, os recursos mantidos no FGTS renderam 128,2%, abaixo da infla\u00e7\u00e3o acumulada do per\u00edodo (210,4%)&#8221;, critica Neto. &#8220;O poss\u00edvel fim do saque-anivers\u00e1rio do FGTS n\u00e3o parece uma medida positiva, em especial para a popula\u00e7\u00e3o de renda m\u00e9dia e baixa&#8221;, avalia o parlamentar.<\/p>\n<p>Para o Capit\u00e3o Alberto Neto, o fim do saque-anivers\u00e1rio pode levar o trabalhador a contratar opera\u00e7\u00f5es financeiras emergenciais com juros elevados e mesmo valer-se do mercado informal. Ele entende que o saque-anivers\u00e1rio &#8220;serve como uma alternativa importante de recursos para a quita\u00e7\u00e3o de d\u00edvidas mais caras, notadamente as linhas rotativas&#8221;.<\/p>\n<p>Dados citados pelo parlamentar, da Associa\u00e7\u00e3o Brasileira de Bancos (ABBC), indicam que 34,5 milh\u00f5es valeram-se do saque-anivers\u00e1rio em dezembro de 2023.<\/p>\n<p>\u00a0<\/p>\n<div class=\"\"><\/div>\n<p>\u00a0<\/p>","protected":false},"excerpt":{"rendered":"<p>Divulga\u00e7\u00e3o\/Prefeitura de Uberaba-MG O trabalhador tem o direito a fazer o saque no m\u00eas do anivers\u00e1rio A Comiss\u00e3o de Trabalho da C\u00e2mara dos Deputados debate, nesta quarta-feira (24), o fim do saque-anivers\u00e1rio do FGTS. O saque-anivers\u00e1rio \u00e9 uma op\u00e7\u00e3o dada ao trabalhador de, no m\u00eas de anivers\u00e1rio, sacar parte do seu saldo de FGTS. O [&hellip;]<\/p>\n","protected":false},"author":0,"featured_media":0,"comment_status":"open","ping_status":"open","sticky":false,"template":"","format":"standard","meta":{"footnotes":""},"categories":[1],"tags":[],"_links":{"self":[{"href":"https:\/\/jeffersonisac.adv.br\/index.php\/wp-json\/wp\/v2\/posts\/5560"}],"collection":[{"href":"https:\/\/jeffersonisac.adv.br\/index.php\/wp-json\/wp\/v2\/posts"}],"about":[{"href":"https:\/\/jeffersonisac.adv.br\/index.php\/wp-json\/wp\/v2\/types\/post"}],"replies":[{"embeddable":true,"href":"https:\/\/jeffersonisac.adv.br\/index.php\/wp-json\/wp\/v2\/comments?post=5560"}],"version-history":[{"count":0,"href":"https:\/\/jeffersonisac.adv.br\/index.php\/wp-json\/wp\/v2\/posts\/5560\/revisions"}],"wp:attachment":[{"href":"https:\/\/jeffersonisac.adv.br\/index.php\/wp-json\/wp\/v2\/media?parent=5560"}],"wp:term":[{"taxonomy":"category","embeddable":true,"href":"https:\/\/jeffersonisac.adv.br\/index.php\/wp-json\/wp\/v2\/categories?post=5560"},{"taxonomy":"post_tag","embeddable":true,"href":"https:\/\/jeffersonisac.adv.br\/index.php\/wp-json\/wp\/v2\/tags?post=5560"}],"curies":[{"name":"wp","href":"https:\/\/api.w.org\/{rel}","templated":true}]}}