{"id":5572,"date":"2024-04-22T17:25:15","date_gmt":"2024-04-22T20:25:15","guid":{"rendered":"https:\/\/jeffersonisac.adv.br\/index.php\/2024\/04\/22\/comissao-ouve-ministro-do-desenvolvimento-agrario\/"},"modified":"2024-04-22T17:25:15","modified_gmt":"2024-04-22T20:25:15","slug":"comissao-ouve-ministro-do-desenvolvimento-agrario","status":"publish","type":"post","link":"https:\/\/jeffersonisac.adv.br\/index.php\/2024\/04\/22\/comissao-ouve-ministro-do-desenvolvimento-agrario\/","title":{"rendered":"Comiss\u00e3o ouve ministro do Desenvolvimento Agr\u00e1rio"},"content":{"rendered":"<div class=\"image-container\">\n<div class=\"midia-creditos\"><em>Vinicius Loures \/ C\u00e2mara dos Deputados<\/em><\/div>\n<div class=\"media-wrapper\"><\/div>\n<div class=\"midia-legenda\">Ministro do Desenvolvimento Agr\u00e1rio, Paulo Teixeira<\/div>\n<\/div>\n<p>A Comiss\u00e3o de Fiscaliza\u00e7\u00e3o Financeira e Controle promove audi\u00eancia p\u00fablica na quarta-feira (24) com o ministro do Desenvolvimento Agr\u00e1rio e Agricultura Familiar, Paulo Teixeira. O ministro deve falar dos programas e diretrizes da pasta para 2024.<\/p>\n<p>A vinda do ministro atende a requerimentos dos deputados Evair Vieira de Melo (PP-ES) e Padre Jo\u00e3o (PT-MG).<\/p>\n<p>Vieira de Melo quer esclarecimentos do ministro sobre parecer do Instituto Nacional de Coloniza\u00e7\u00e3o e Reforma Agr\u00e1ria (Incra) contra a transfer\u00eancia de controle de uma empresa de celulose. Segundo o deputado, a decis\u00e3o pode &#8220;barrar vultuosos investimentos no Pa\u00eds, causando um impacto incalcul\u00e1vel para setores estrat\u00e9gicos da economia&#8221;.<\/p>\n<p>J\u00e1 Padre Jo\u00e3o quer discutir a\u00e7\u00f5es para o fortalecimento da agricultura familiar. &#8220;Aproximadamente 70% dos alimentos in natura que chegam \u00e0s nossas mesas vem das fam\u00edlias que produzem artesanalmente em pequenas propriedades rurais&#8221;, destacou.<\/p>\n<p>A reuni\u00e3o ocorre \u00e0s 10 horas, no plen\u00e1rio 6. <a href=\"https:\/\/www.camara.leg.br\/evento-legislativo\/72592\">Confira a pauta completa<\/a>.<\/p>","protected":false},"excerpt":{"rendered":"<p>Vinicius Loures \/ C\u00e2mara dos Deputados Ministro do Desenvolvimento Agr\u00e1rio, Paulo Teixeira A Comiss\u00e3o de Fiscaliza\u00e7\u00e3o Financeira e Controle promove audi\u00eancia p\u00fablica na quarta-feira (24) com o ministro do Desenvolvimento Agr\u00e1rio e Agricultura Familiar, Paulo Teixeira. O ministro deve falar dos programas e diretrizes da pasta para 2024. A vinda do ministro atende a requerimentos [&hellip;]<\/p>\n","protected":false},"author":0,"featured_media":0,"comment_status":"open","ping_status":"open","sticky":false,"template":"","format":"standard","meta":{"footnotes":""},"categories":[1],"tags":[],"_links":{"self":[{"href":"https:\/\/jeffersonisac.adv.br\/index.php\/wp-json\/wp\/v2\/posts\/5572"}],"collection":[{"href":"https:\/\/jeffersonisac.adv.br\/index.php\/wp-json\/wp\/v2\/posts"}],"about":[{"href":"https:\/\/jeffersonisac.adv.br\/index.php\/wp-json\/wp\/v2\/types\/post"}],"replies":[{"embeddable":true,"href":"https:\/\/jeffersonisac.adv.br\/index.php\/wp-json\/wp\/v2\/comments?post=5572"}],"version-history":[{"count":0,"href":"https:\/\/jeffersonisac.adv.br\/index.php\/wp-json\/wp\/v2\/posts\/5572\/revisions"}],"wp:attachment":[{"href":"https:\/\/jeffersonisac.adv.br\/index.php\/wp-json\/wp\/v2\/media?parent=5572"}],"wp:term":[{"taxonomy":"category","embeddable":true,"href":"https:\/\/jeffersonisac.adv.br\/index.php\/wp-json\/wp\/v2\/categories?post=5572"},{"taxonomy":"post_tag","embeddable":true,"href":"https:\/\/jeffersonisac.adv.br\/index.php\/wp-json\/wp\/v2\/tags?post=5572"}],"curies":[{"name":"wp","href":"https:\/\/api.w.org\/{rel}","templated":true}]}}