{"id":5578,"date":"2024-04-23T08:25:42","date_gmt":"2024-04-23T11:25:42","guid":{"rendered":"https:\/\/jeffersonisac.adv.br\/index.php\/2024\/04\/23\/cancelado-debate-sobre-concessao-da-br-040-no-trecho-entre-juiz-de-fora-e-rio-de-janeiro\/"},"modified":"2024-04-23T08:25:42","modified_gmt":"2024-04-23T11:25:42","slug":"cancelado-debate-sobre-concessao-da-br-040-no-trecho-entre-juiz-de-fora-e-rio-de-janeiro","status":"publish","type":"post","link":"https:\/\/jeffersonisac.adv.br\/index.php\/2024\/04\/23\/cancelado-debate-sobre-concessao-da-br-040-no-trecho-entre-juiz-de-fora-e-rio-de-janeiro\/","title":{"rendered":"Cancelado debate sobre concess\u00e3o da BR-040, no trecho entre Juiz de Fora e Rio de Janeiro"},"content":{"rendered":"<div class=\"image-container\">\n<div class=\"midia-creditos\"><em>Divulga\u00e7\u00e3o\/Concer<\/em><\/div>\n<div class=\"media-wrapper\"><\/div>\n<div class=\"midia-legenda\">Pra\u00e7a de ped\u00e1gio da Concer, respons\u00e1vel pela rodovia<\/div>\n<\/div>\n<p>A Comiss\u00e3o de Fiscaliza\u00e7\u00e3o Financeira e Controle da C\u00e2mara dos Deputados cancelou a audi\u00eancia p\u00fablica que realizaria nesta ter\u00e7a-feira (23) sobre a concess\u00e3o da rodovia BR-040, no trecho entre Juiz de Fora (MG) e Rio de Janeiro (RJ). O debate foi solicitado pelos deputados Aureo Ribeiro (Solidariedade-RJ) e Junio Amaral (PL-MG).<\/p>\n<p>Ainda n\u00e3o foi marcada nova data para a audi\u00eancia.<\/p>\n<p><strong>Inseguran\u00e7a e queixas<\/strong><br \/>\nAureo Ribeiro explica que a inseguran\u00e7a e as queixas s\u00e3o constantes na regi\u00e3o cortada pela rodovia. Tanto pela seguran\u00e7a do trecho diante de fortes chuvas, com o ac\u00famulo de \u00e1gua e pelo hist\u00f3rico de desabamento, quanto pelo pre\u00e7o cobrado nos ped\u00e1gio.<\/p>\n<p>O parlamentar lembra que, em 2017, no curso da rodovia, ocorreu um deslizamento na regi\u00e3o de Petr\u00f3polis, onde um t\u00fanel em escava\u00e7\u00e3o foi abandonado em raz\u00e3o da n\u00e3o continuidade da obra. O deslizamento produziu uma cratera de cerca de 20 metros de profundidade e 30 metros de di\u00e2metro, levando ao desabamento de uma resid\u00eancia, desabrigando 95 fam\u00edlias.<\/p>\n<p>&#8220;Al\u00e9m disso, h\u00e1 anos os usu\u00e1rios reclamam dos elevados valores dos ped\u00e1gios, que, segundo eles, n\u00e3o correspondem aos servi\u00e7os de manuten\u00e7\u00e3o devidos pela concession\u00e1ria, a Concer. A apreens\u00e3o desses usu\u00e1rios aumenta quando h\u00e1 previs\u00e3o de novas obras e, por consequ\u00eancia, novos reajustes no valor do ped\u00e1gio&#8221;, afirma.<\/p>","protected":false},"excerpt":{"rendered":"<p>Divulga\u00e7\u00e3o\/Concer Pra\u00e7a de ped\u00e1gio da Concer, respons\u00e1vel pela rodovia A Comiss\u00e3o de Fiscaliza\u00e7\u00e3o Financeira e Controle da C\u00e2mara dos Deputados cancelou a audi\u00eancia p\u00fablica que realizaria nesta ter\u00e7a-feira (23) sobre a concess\u00e3o da rodovia BR-040, no trecho entre Juiz de Fora (MG) e Rio de Janeiro (RJ). O debate foi solicitado pelos deputados Aureo Ribeiro [&hellip;]<\/p>\n","protected":false},"author":0,"featured_media":0,"comment_status":"open","ping_status":"open","sticky":false,"template":"","format":"standard","meta":{"footnotes":""},"categories":[1],"tags":[],"_links":{"self":[{"href":"https:\/\/jeffersonisac.adv.br\/index.php\/wp-json\/wp\/v2\/posts\/5578"}],"collection":[{"href":"https:\/\/jeffersonisac.adv.br\/index.php\/wp-json\/wp\/v2\/posts"}],"about":[{"href":"https:\/\/jeffersonisac.adv.br\/index.php\/wp-json\/wp\/v2\/types\/post"}],"replies":[{"embeddable":true,"href":"https:\/\/jeffersonisac.adv.br\/index.php\/wp-json\/wp\/v2\/comments?post=5578"}],"version-history":[{"count":0,"href":"https:\/\/jeffersonisac.adv.br\/index.php\/wp-json\/wp\/v2\/posts\/5578\/revisions"}],"wp:attachment":[{"href":"https:\/\/jeffersonisac.adv.br\/index.php\/wp-json\/wp\/v2\/media?parent=5578"}],"wp:term":[{"taxonomy":"category","embeddable":true,"href":"https:\/\/jeffersonisac.adv.br\/index.php\/wp-json\/wp\/v2\/categories?post=5578"},{"taxonomy":"post_tag","embeddable":true,"href":"https:\/\/jeffersonisac.adv.br\/index.php\/wp-json\/wp\/v2\/tags?post=5578"}],"curies":[{"name":"wp","href":"https:\/\/api.w.org\/{rel}","templated":true}]}}