{"id":5589,"date":"2024-04-23T15:10:14","date_gmt":"2024-04-23T18:10:14","guid":{"rendered":"https:\/\/jeffersonisac.adv.br\/index.php\/2024\/04\/23\/consultoria-do-congresso-aponta-aumento-nas-despesas-obrigatorias-do-governo\/"},"modified":"2024-04-23T15:10:14","modified_gmt":"2024-04-23T18:10:14","slug":"consultoria-do-congresso-aponta-aumento-nas-despesas-obrigatorias-do-governo","status":"publish","type":"post","link":"https:\/\/jeffersonisac.adv.br\/index.php\/2024\/04\/23\/consultoria-do-congresso-aponta-aumento-nas-despesas-obrigatorias-do-governo\/","title":{"rendered":"Consultoria do Congresso aponta aumento nas despesas obrigat\u00f3rias do governo"},"content":{"rendered":"<div class=\"image-container\">\n<div class=\"midia-creditos\"><em>Depositphotos<\/em><\/div>\n<div class=\"media-wrapper\"><\/div>\n<\/div>\n<p>As despesas de car\u00e1ter obrigat\u00f3rio do governo federal est\u00e3o em torno de 90% da despesa total hoje e podem chegar a 93,3% em 2028. \u00c9 o que destacam os consultores de Or\u00e7amento da C\u00e2mara e do Senado em <a href=\"https:\/\/www.camara.leg.br\/internet\/comissao\/index\/mista\/orca\/LDO\/LDO2025\/Informativo_Conjunto_PLDO-2025.pdf\">nota t\u00e9cnica conjunta<\/a> sobre o projeto da Lei de Diretrizes Or\u00e7ament\u00e1rias de 2025 (<a class=\"linkProposicao\" href=\"https:\/\/www.camara.leg.br\/noticias\/1052304-ldo-de-2025-mostra-crescimento-mais-gradual-dos-resultados-fiscais\">PLN 3\/24<\/a>).<\/p>\n<p>O governo estimou as despesas prim\u00e1rias (aquelas destinadas \u00e0 oferta de bens e servi\u00e7os p\u00fablicos para a popula\u00e7\u00e3o) em R$ 2,348 trilh\u00f5es para 2025. Desse total, apenas R$ 231,2 bilh\u00f5es seriam discricion\u00e1rias, ou seja, de execu\u00e7\u00e3o n\u00e3o obrigat\u00f3ria. Entre as despesas obrigat\u00f3rias, a maior parte do dinheiro vai para o custeio de pagamento de benef\u00edcios previdenci\u00e1rios, de pessoal, e despesas m\u00ednimas para sa\u00fade e educa\u00e7\u00e3o.<\/p>\n<p><strong>Novo regime fiscal<\/strong><br \/>\nOs consultores lembram que o <span class=\"termoGlossario\">novo regime fiscal<\/span> (<a class=\"linkLegislacao\" href=\"https:\/\/www2.camara.gov.br\/legin\/fed\/leicom\/2023\/leicomplementar-200-30-agosto-2023-794631-norma-pl.html\">Lei Complementar 200\/23<\/a>) determina que, caso a despesa obrigat\u00f3ria supere 95% da despesa total, sejam aplicadas veda\u00e7\u00f5es previstas na Constitui\u00e7\u00e3o como a proibi\u00e7\u00e3o de novos benef\u00edcios fiscais e contrata\u00e7\u00e3o de pessoal.<\/p>\n<p>Na LDO de 2025, o total de benef\u00edcios fiscais previstos para 2025 \u00e9 de R$ 536,4 bilh\u00f5es ou quase 20% da arrecada\u00e7\u00e3o.<\/p>\n<p><strong>D\u00e9ficits previdenci\u00e1rios<\/strong><br \/>\nO projeto lista os d\u00e9ficits dos diversos regimes previdenci\u00e1rios para o ano que vem:<\/p>\n<p>R$ 271,8 bilh\u00f5es (2,19% do <span class=\"termoGlossario\">PIB<\/span>) para o Regime Geral da Previd\u00eancia Social;<br \/>\nR$ 94,3 bilh\u00f5es (0,76% do PIB) para o Regime Pr\u00f3prio de Previd\u00eancia Social dos servidores p\u00fablicos federais;<br \/>\nR$ 19,2 bilh\u00f5es (0,17% do PIB) para as pens\u00f5es militares.<\/p>\n<p><strong>Emendas parlamentares<br \/>\n<\/strong>A nota dos consultores sobre a LDO de 2025 destaca ainda que o texto n\u00e3o prev\u00ea o car\u00e1ter impositivo das emendas parlamentares de comiss\u00f5es da C\u00e2mara e do Senado ao Or\u00e7amento do ano que vem.<\/p>\n<p>A LDO de 2024 trouxe essa inova\u00e7\u00e3o ao fixar o valor destas emendas em pelo menos 0,9% da <span class=\"termoGlossario\">receita l\u00edquida<\/span> do ano anterior. O Executivo vetou o dispositivo, mas a manuten\u00e7\u00e3o do veto ainda depende de vota\u00e7\u00e3o no Congresso Nacional.<\/p>\n<p><a href=\"https:\/\/www.camara.leg.br\/noticias\/1033119-orcamento-de-2024-e-sancionado-com-veto-a-r-56-bilhoes-em-emendas-parlamentares\/\">Or\u00e7amento de 2024 \u00e9 sancionado com veto a R$ 5,6 bilh\u00f5es em emendas parlamentares<\/a><\/p>\n<p><strong>Dinheiro para o setor privado<\/strong><br \/>\nEm rela\u00e7\u00e3o \u00e0s transfer\u00eancias para o setor privado, o projeto beneficia a\u00e7\u00f5es do Complexo Econ\u00f4mico-Industrial da Sa\u00fade. A nota da consultoria informa que foi inclu\u00edda a possibilidade de subven\u00e7\u00f5es sociais para associa\u00e7\u00f5es, servi\u00e7os sociais aut\u00f4nomos ou organiza\u00e7\u00f5es da sociedade civil de interesse p\u00fablico, que atuem no desenvolvimento ou na produ\u00e7\u00e3o de:<\/p>\n<p>f\u00e1rmacos e medicamentos;<br \/>\nprodutos de terapia celular;<br \/>\nprodutos de engenharia tecidual;<br \/>\nprodutos de terapia g\u00eanica;<br \/>\ndispositivos m\u00e9dicos estabelecidos em legisla\u00e7\u00e3o espec\u00edfica;<br \/>\noutros produtos e servi\u00e7os priorit\u00e1rios do Complexo Econ\u00f4mico-Industrial da Sa\u00fade para o SUS.<\/p>\n<p>Tamb\u00e9m foram liberadas as transfer\u00eancias para investimentos no setor.<\/p>","protected":false},"excerpt":{"rendered":"<p>Depositphotos As despesas de car\u00e1ter obrigat\u00f3rio do governo federal est\u00e3o em torno de 90% da despesa total hoje e podem chegar a 93,3% em 2028. \u00c9 o que destacam os consultores de Or\u00e7amento da C\u00e2mara e do Senado em nota t\u00e9cnica conjunta sobre o projeto da Lei de Diretrizes Or\u00e7ament\u00e1rias de 2025 (PLN 3\/24). O [&hellip;]<\/p>\n","protected":false},"author":0,"featured_media":0,"comment_status":"open","ping_status":"open","sticky":false,"template":"","format":"standard","meta":{"footnotes":""},"categories":[1],"tags":[],"_links":{"self":[{"href":"https:\/\/jeffersonisac.adv.br\/index.php\/wp-json\/wp\/v2\/posts\/5589"}],"collection":[{"href":"https:\/\/jeffersonisac.adv.br\/index.php\/wp-json\/wp\/v2\/posts"}],"about":[{"href":"https:\/\/jeffersonisac.adv.br\/index.php\/wp-json\/wp\/v2\/types\/post"}],"replies":[{"embeddable":true,"href":"https:\/\/jeffersonisac.adv.br\/index.php\/wp-json\/wp\/v2\/comments?post=5589"}],"version-history":[{"count":0,"href":"https:\/\/jeffersonisac.adv.br\/index.php\/wp-json\/wp\/v2\/posts\/5589\/revisions"}],"wp:attachment":[{"href":"https:\/\/jeffersonisac.adv.br\/index.php\/wp-json\/wp\/v2\/media?parent=5589"}],"wp:term":[{"taxonomy":"category","embeddable":true,"href":"https:\/\/jeffersonisac.adv.br\/index.php\/wp-json\/wp\/v2\/categories?post=5589"},{"taxonomy":"post_tag","embeddable":true,"href":"https:\/\/jeffersonisac.adv.br\/index.php\/wp-json\/wp\/v2\/tags?post=5589"}],"curies":[{"name":"wp","href":"https:\/\/api.w.org\/{rel}","templated":true}]}}