{"id":5596,"date":"2024-04-23T19:11:34","date_gmt":"2024-04-23T22:11:34","guid":{"rendered":"https:\/\/jeffersonisac.adv.br\/index.php\/2024\/04\/23\/projeto-institui-a-politica-nacional-de-protecao-dos-direitos-da-pessoa-com-sindrome-de-down\/"},"modified":"2024-04-23T19:11:34","modified_gmt":"2024-04-23T22:11:34","slug":"projeto-institui-a-politica-nacional-de-protecao-dos-direitos-da-pessoa-com-sindrome-de-down","status":"publish","type":"post","link":"https:\/\/jeffersonisac.adv.br\/index.php\/2024\/04\/23\/projeto-institui-a-politica-nacional-de-protecao-dos-direitos-da-pessoa-com-sindrome-de-down\/","title":{"rendered":"Projeto institui a Pol\u00edtica Nacional de Prote\u00e7\u00e3o dos Direitos da Pessoa com S\u00edndrome de Down"},"content":{"rendered":"<div class=\"image-container\">\n<div class=\"midia-creditos\"><em>Mario Agra \/ C\u00e2mara dos Deputados<\/em><\/div>\n<div class=\"media-wrapper\"><\/div>\n<div class=\"midia-legenda\">O autor da proposta, deputado Z\u00e9 Haroldo Cathedral<\/div>\n<\/div>\n<p>O Projeto de Lei 910\/24 institui a Pol\u00edtica Nacional de Prote\u00e7\u00e3o dos Direitos da Pessoa com S\u00edndrome de Down. A proposta, em an\u00e1lise na C\u00e2mara dos Deputados, estabelece as diretrizes dessa pol\u00edtica:<\/p>\n<p>intersetorialidade no desenvolvimento das a\u00e7\u00f5es e no atendimento \u00e0 pessoa com S\u00edndrome de Down;<br \/>\naten\u00e7\u00e3o integral conforme as necessidades de sa\u00fade da pessoa com S\u00edndrome de Down;<br \/>\natendimento, desde os primeiros meses de vida, em servi\u00e7os de sa\u00fade que ofere\u00e7am abordagem interdisciplinar da S\u00edndrome de Down e das doen\u00e7as associadas \u00e0 condi\u00e7\u00e3o gen\u00e9tica;<br \/>\ngarantia de acesso a estudo citogen\u00e9tico, quando necess\u00e1rio para diagn\u00f3stico, e encaminhamento da fam\u00edlia para aconselhamento gen\u00e9tico;<br \/>\nestabelecimento de indicadores para avaliar e monitorar servi\u00e7os prestados na rede p\u00fablica de sa\u00fade aos pacientes com S\u00edndrome de Down;<br \/>\nincentivo \u00e0 inser\u00e7\u00e3o da pessoa com S\u00edndrome de Down no mercado de trabalho, observadas as peculiaridades da condi\u00e7\u00e3o e garantido o apoio necess\u00e1rio para sua adapta\u00e7\u00e3o;<br \/>\nest\u00edmulo \u00e0 forma\u00e7\u00e3o e \u00e0 capacita\u00e7\u00e3o continuada de profissionais de sa\u00fade e de educa\u00e7\u00e3o voltadas ao atendimento \u00e0 pessoa com S\u00edndrome de Down;<br \/>\namplia\u00e7\u00e3o da compreens\u00e3o dos familiares e da sociedade sobre a disfun\u00e7\u00e3o gen\u00e9tica;<br \/>\nenfrentamento ao capacitismo e valoriza\u00e7\u00e3o da diversidade humana.<\/p>\n<p><strong>Direitos<\/strong><br \/>\nO projeto tamb\u00e9m define os direitos da pessoa com S\u00edndrome de Down como \u00e0 vida digna e \u00e0 prote\u00e7\u00e3o da sua integridade f\u00edsica e moral; o acesso a a\u00e7\u00f5es e servi\u00e7os de sa\u00fade, com vistas \u00e0 promo\u00e7\u00e3o de aten\u00e7\u00e3o integral \u00e0s suas necessidades; a prote\u00e7\u00e3o contra qualquer forma de abuso e explora\u00e7\u00e3o.<\/p>\n<p><strong>Qualidade de vida<\/strong><br \/>\nO autor do projeto, deputado Z\u00e9 Haroldo Cathedral (PSD-RR), avalia que o objetivo do programa \u00e9 garantir qualidade de vida com n\u00edveis crescentes de inclus\u00e3o social e autonomia.<\/p>\n<p>\u201cA interven\u00e7\u00e3o precoce e de longo prazo \u00e9 essencial para melhora da qualidade de vida dos indiv\u00edduos com a S\u00edndrome de Down. Assim, indiv\u00edduos com a S\u00edndrome de Down, ou trissomia do 21, podem ter uma vida longeva e plena em todos os sentidos\u201d, afirma o deputado.<\/p>\n<p><strong>Estat\u00edsticas<br \/>\n<\/strong>Segundo a Federa\u00e7\u00e3o Brasileira das Associa\u00e7\u00f5es de S\u00edndrome de Down, no Brasil a condi\u00e7\u00e3o gen\u00e9tica ocorre em 1 a cada 700 nascidos vivos, o que representa cerca de 270 mil pessoas no Pa\u00eds.<\/p>\n<p>No mundo, a incid\u00eancia estimada \u00e9 de 1 em 1 mil nascidos vivos.<\/p>\n<p><strong>Pr\u00f3ximos passos<br \/>\n<\/strong>O projeto, que tramita em <span class=\"termoGlossario\">car\u00e1ter conclusivo<\/span>, ser\u00e1 analisado pelas comiss\u00f5es de Defesa dos Direitos das Pessoas com Defici\u00eancia; e de Constitui\u00e7\u00e3o e Justi\u00e7a e de Cidadania.<\/p>\n<p><a href=\"https:\/\/www.camara.leg.br\/noticias\/573454-SAIBA-MAIS-SOBRE-A-TRAMITACAO-DE-PROJETOS-DE-LEIhttps:\/\/www.camara.leg.br\/noticias\/573454-SAIBA-MAIS-SOBRE-A-TRAMITACAO-DE-PROJETOS-DE-LEI\">Saiba mais sobre a tramita\u00e7\u00e3o de projetos de lei<\/a><\/p>","protected":false},"excerpt":{"rendered":"<p>Mario Agra \/ C\u00e2mara dos Deputados O autor da proposta, deputado Z\u00e9 Haroldo Cathedral O Projeto de Lei 910\/24 institui a Pol\u00edtica Nacional de Prote\u00e7\u00e3o dos Direitos da Pessoa com S\u00edndrome de Down. A proposta, em an\u00e1lise na C\u00e2mara dos Deputados, estabelece as diretrizes dessa pol\u00edtica: intersetorialidade no desenvolvimento das a\u00e7\u00f5es e no atendimento \u00e0 [&hellip;]<\/p>\n","protected":false},"author":0,"featured_media":0,"comment_status":"open","ping_status":"open","sticky":false,"template":"","format":"standard","meta":{"footnotes":""},"categories":[1],"tags":[],"_links":{"self":[{"href":"https:\/\/jeffersonisac.adv.br\/index.php\/wp-json\/wp\/v2\/posts\/5596"}],"collection":[{"href":"https:\/\/jeffersonisac.adv.br\/index.php\/wp-json\/wp\/v2\/posts"}],"about":[{"href":"https:\/\/jeffersonisac.adv.br\/index.php\/wp-json\/wp\/v2\/types\/post"}],"replies":[{"embeddable":true,"href":"https:\/\/jeffersonisac.adv.br\/index.php\/wp-json\/wp\/v2\/comments?post=5596"}],"version-history":[{"count":0,"href":"https:\/\/jeffersonisac.adv.br\/index.php\/wp-json\/wp\/v2\/posts\/5596\/revisions"}],"wp:attachment":[{"href":"https:\/\/jeffersonisac.adv.br\/index.php\/wp-json\/wp\/v2\/media?parent=5596"}],"wp:term":[{"taxonomy":"category","embeddable":true,"href":"https:\/\/jeffersonisac.adv.br\/index.php\/wp-json\/wp\/v2\/categories?post=5596"},{"taxonomy":"post_tag","embeddable":true,"href":"https:\/\/jeffersonisac.adv.br\/index.php\/wp-json\/wp\/v2\/tags?post=5596"}],"curies":[{"name":"wp","href":"https:\/\/api.w.org\/{rel}","templated":true}]}}