{"id":5626,"date":"2024-04-24T20:45:14","date_gmt":"2024-04-24T23:45:14","guid":{"rendered":"https:\/\/jeffersonisac.adv.br\/index.php\/2024\/04\/24\/deputado-julio-arcoverde-e-eleito-presidente-da-comissao-mista-de-orcamento\/"},"modified":"2024-04-24T20:45:14","modified_gmt":"2024-04-24T23:45:14","slug":"deputado-julio-arcoverde-e-eleito-presidente-da-comissao-mista-de-orcamento","status":"publish","type":"post","link":"https:\/\/jeffersonisac.adv.br\/index.php\/2024\/04\/24\/deputado-julio-arcoverde-e-eleito-presidente-da-comissao-mista-de-orcamento\/","title":{"rendered":"Deputado Julio Arcoverde \u00e9 eleito presidente da Comiss\u00e3o Mista de Or\u00e7amento"},"content":{"rendered":"<div class=\"image-container\">\n<div class=\"midia-creditos\"><em>Bruno Spada\/C\u00e2mara dos Deputados<\/em><\/div>\n<div class=\"media-wrapper\"><\/div>\n<div class=\"midia-legenda\">Julio Arcoverde quer trabalhar por mais investimentos em infraestrutura<\/div>\n<\/div>\n<p>O deputado Julio Arcoverde (PP-PI), novo presidente da <span class=\"termoGlossario\">Comiss\u00e3o Mista de Or\u00e7amento<\/span>, disse que pretende focar seu trabalho na necessidade de mais investimentos que melhorem a infraestrutura do Pa\u00eds. Ele foi eleito nesta quarta-feira por aclama\u00e7\u00e3o e indicou o senador Angelo Coronel (PSD-BA) para a relatoria do Or\u00e7amento de 2025.<\/p>\n<p>Arcoverde est\u00e1 em seu primeiro mandato na C\u00e2mara. Antes, foi deputado estadual do Piau\u00ed por dois mandatos. Em 2019, foi secret\u00e1rio de Esporte e Lazer de Teresina.<\/p>\n<p>O presidente da comiss\u00e3o pediu apoio aos colegas para que os projetos possam ser aprovados de maneira consensual. \u201cEst\u0101o sob nossa responsabilidade mat\u00e9rias essenciais para o t\u00e3o sonhado salto de desenvolvimento do Brasil, em \u00e1reas fundamentais como, por exemplo, a social; com a destina\u00e7\u00e3o de recursos para combater a fome, com foco na gera\u00e7\u00e3o de emprego, melhorias na Sa\u00fade, Educa\u00e7\u00e3o, e Seguran\u00e7a P\u00fablica, al\u00e9m de incentivos \u00e0 inova\u00e7\u00e3o tecnol\u00f3gica&#8221;, enumerou.<\/p>\n<p>O senador Angelo Coronel (PSD-BA) fez quest\u00e3o de dizer que vai fortalecer a atua\u00e7\u00e3o parlamentar na elabora\u00e7\u00e3o do Or\u00e7amento. \u201cEu sou parlamentarista nato e municipalista de carteirinha. Enquanto tiver essa caneta e que eu possa ajudar o Parlamento brasileiro, tanto C\u00e2mara quanto Senado, e os munic\u00edpios do Brasil, voc\u00eas v\u00e3o contar aqui com o relator Angelo Coronel. \u00c9 importante falar isso desde o in\u00edcio.\u201d<\/p>\n<p>O deputado Jonas Donizette (PSB-SP) pediu aos colegas que a comiss\u00e3o possa traduzir melhor para a popula\u00e7\u00e3o o que \u00e9 discutido no colegiado. \u201cEu pediria presidente que a gente possa ter canais, canais eletr\u00f4nicos de participa\u00e7\u00e3o popular, para que a popula\u00e7\u00e3o possa tamb\u00e9m se manifestar.\u201d<\/p>\n<p>Al\u00e9m dos projetos da <span class=\"termoGlossario\">Lei de Diretrizes Or\u00e7ament\u00e1rias<\/span>, <span class=\"termoGlossario\">Lei Or\u00e7ament\u00e1ria Anual<\/span> e <span class=\"termoGlossario\">Plano Plurianual<\/span>; a Comiss\u00e3o Mista de Or\u00e7amento tamb\u00e9m analisa projetos e medidas provis\u00f3rias que abrem cr\u00e9ditos extras aos or\u00e7amentos.<\/p>","protected":false},"excerpt":{"rendered":"<p>Bruno Spada\/C\u00e2mara dos Deputados Julio Arcoverde quer trabalhar por mais investimentos em infraestrutura O deputado Julio Arcoverde (PP-PI), novo presidente da Comiss\u00e3o Mista de Or\u00e7amento, disse que pretende focar seu trabalho na necessidade de mais investimentos que melhorem a infraestrutura do Pa\u00eds. Ele foi eleito nesta quarta-feira por aclama\u00e7\u00e3o e indicou o senador Angelo Coronel [&hellip;]<\/p>\n","protected":false},"author":0,"featured_media":0,"comment_status":"open","ping_status":"open","sticky":false,"template":"","format":"standard","meta":{"footnotes":""},"categories":[1],"tags":[],"_links":{"self":[{"href":"https:\/\/jeffersonisac.adv.br\/index.php\/wp-json\/wp\/v2\/posts\/5626"}],"collection":[{"href":"https:\/\/jeffersonisac.adv.br\/index.php\/wp-json\/wp\/v2\/posts"}],"about":[{"href":"https:\/\/jeffersonisac.adv.br\/index.php\/wp-json\/wp\/v2\/types\/post"}],"replies":[{"embeddable":true,"href":"https:\/\/jeffersonisac.adv.br\/index.php\/wp-json\/wp\/v2\/comments?post=5626"}],"version-history":[{"count":0,"href":"https:\/\/jeffersonisac.adv.br\/index.php\/wp-json\/wp\/v2\/posts\/5626\/revisions"}],"wp:attachment":[{"href":"https:\/\/jeffersonisac.adv.br\/index.php\/wp-json\/wp\/v2\/media?parent=5626"}],"wp:term":[{"taxonomy":"category","embeddable":true,"href":"https:\/\/jeffersonisac.adv.br\/index.php\/wp-json\/wp\/v2\/categories?post=5626"},{"taxonomy":"post_tag","embeddable":true,"href":"https:\/\/jeffersonisac.adv.br\/index.php\/wp-json\/wp\/v2\/tags?post=5626"}],"curies":[{"name":"wp","href":"https:\/\/api.w.org\/{rel}","templated":true}]}}