{"id":5635,"date":"2024-04-25T09:38:46","date_gmt":"2024-04-25T12:38:46","guid":{"rendered":"https:\/\/jeffersonisac.adv.br\/index.php\/2024\/04\/25\/encontro-na-camara-discute-novas-regras-para-mulheres-candidatas-nas-eleicoes-de-2024\/"},"modified":"2024-04-25T09:38:46","modified_gmt":"2024-04-25T12:38:46","slug":"encontro-na-camara-discute-novas-regras-para-mulheres-candidatas-nas-eleicoes-de-2024","status":"publish","type":"post","link":"https:\/\/jeffersonisac.adv.br\/index.php\/2024\/04\/25\/encontro-na-camara-discute-novas-regras-para-mulheres-candidatas-nas-eleicoes-de-2024\/","title":{"rendered":"Encontro na C\u00e2mara discute novas regras para mulheres candidatas nas elei\u00e7\u00f5es de 2024"},"content":{"rendered":"<div class=\"image-container\">\n<div class=\"midia-creditos\"><em>Depositphotos<\/em><\/div>\n<div class=\"media-wrapper\"><\/div>\n<div class=\"midia-legenda\">Ideia \u00e9 disseminar informa\u00e7\u00f5es sobre direitos das candidatas nas elei\u00e7\u00f5es deste ano<\/div>\n<\/div>\n<p>A C\u00e2mara dos Deputados promove nesta quinta-feira (25) o terceiro encontro do <a href=\"https:\/\/www2.camara.leg.br\/a-camara\/estruturaadm\/secretarias\/secretaria-da-mulher\/observatorio-nacional-da-mulher-na-politica\">Observat\u00f3rio Nacional da Mulher na Pol\u00edtica<\/a> para discutir temas que v\u00e3o impactar a vida das mulheres que participar\u00e3o das elei\u00e7\u00f5es municipais de 2024.\u00a0Desta vez, o debate ser\u00e1 sobre as novas regras para campanhas femininas.<\/p>\n<p>O evento ser\u00e1 realizado no plen\u00e1rio 15, a partir das 9h30, e poder\u00e1 ser acompanhado pelo <a href=\"https:\/\/www.youtube.com\/@CamaradosDeputadosoficial\">canal da C\u00e2mara dos Deputados no YouTube<\/a>.<\/p>\n<p><strong>&#8220;Candidaturas laranjas&#8221;<\/strong><br \/>\nDesde 1997, a legisla\u00e7\u00e3o obriga os partidos a reservar no m\u00ednimo 30% das candidaturas para mulheres nas elei\u00e7\u00f5es proporcionais \u2013 para a C\u00e2mara dos Deputados, assembleias legislativas e c\u00e2maras de vereadores.<\/p>\n<p>No entanto, at\u00e9 recentemente era pr\u00e1tica mais comum apresentar as chamadas &#8220;candidaturas laranjas&#8221;, como forma de burlar a lei.<\/p>\n<p>A procuradora da Mulher da C\u00e2mara, deputada Soraya Santos (PL-RJ), lembra que, nas elei\u00e7\u00f5es de 2016, mais de 14 mil mulheres n\u00e3o tiveram nenhum voto. &#8220;Muitas delas sequer sabiam que o CPF delas estava contando para a chapa, e ali ficaram materializadas as candidaturas laranjas\u201d, explicou Soraya.<\/p>\n<p><a href=\"https:\/\/www.camara.leg.br\/noticias\/1041652-PROCURADORA-DA-MULHER-DA-CAMARA-DIZ-QUE-ESTRUTURA-PARTIDARIA-AINDA-E-BARREIRA-PARA-CANDIDATURAS-FEMININAS\">Procuradora da Mulher da C\u00e2mara diz que estrutura partid\u00e1ria ainda \u00e9 barreira para candidaturas femininas<\/a><\/p>\n<p><strong>Novas regras<\/strong><br \/>\nPara as elei\u00e7\u00f5es municipais deste ano, o Tribunal Superior Eleitoral (TSE) previu diversos crit\u00e9rios objetivos para caracterizar fraudes na cota de g\u00eanero.<\/p>\n<p>Pela nova norma incorre em fraude a candidata que, por exemplo, tiver vota\u00e7\u00e3o zerada ou p\u00edfia, apresentar presta\u00e7\u00e3o de contas id\u00eantica a outra ou que n\u00e3o promover atos de campanha em benef\u00edcio pr\u00f3prio.<\/p>\n<p>\u00a0<\/p>\n<div><\/div>\n<p>\u00a0<\/p>","protected":false},"excerpt":{"rendered":"<p>Depositphotos Ideia \u00e9 disseminar informa\u00e7\u00f5es sobre direitos das candidatas nas elei\u00e7\u00f5es deste ano A C\u00e2mara dos Deputados promove nesta quinta-feira (25) o terceiro encontro do Observat\u00f3rio Nacional da Mulher na Pol\u00edtica para discutir temas que v\u00e3o impactar a vida das mulheres que participar\u00e3o das elei\u00e7\u00f5es municipais de 2024.\u00a0Desta vez, o debate ser\u00e1 sobre as novas [&hellip;]<\/p>\n","protected":false},"author":0,"featured_media":0,"comment_status":"open","ping_status":"open","sticky":false,"template":"","format":"standard","meta":{"footnotes":""},"categories":[1],"tags":[],"_links":{"self":[{"href":"https:\/\/jeffersonisac.adv.br\/index.php\/wp-json\/wp\/v2\/posts\/5635"}],"collection":[{"href":"https:\/\/jeffersonisac.adv.br\/index.php\/wp-json\/wp\/v2\/posts"}],"about":[{"href":"https:\/\/jeffersonisac.adv.br\/index.php\/wp-json\/wp\/v2\/types\/post"}],"replies":[{"embeddable":true,"href":"https:\/\/jeffersonisac.adv.br\/index.php\/wp-json\/wp\/v2\/comments?post=5635"}],"version-history":[{"count":0,"href":"https:\/\/jeffersonisac.adv.br\/index.php\/wp-json\/wp\/v2\/posts\/5635\/revisions"}],"wp:attachment":[{"href":"https:\/\/jeffersonisac.adv.br\/index.php\/wp-json\/wp\/v2\/media?parent=5635"}],"wp:term":[{"taxonomy":"category","embeddable":true,"href":"https:\/\/jeffersonisac.adv.br\/index.php\/wp-json\/wp\/v2\/categories?post=5635"},{"taxonomy":"post_tag","embeddable":true,"href":"https:\/\/jeffersonisac.adv.br\/index.php\/wp-json\/wp\/v2\/tags?post=5635"}],"curies":[{"name":"wp","href":"https:\/\/api.w.org\/{rel}","templated":true}]}}