{"id":5650,"date":"2024-04-25T17:41:02","date_gmt":"2024-04-25T20:41:02","guid":{"rendered":"https:\/\/jeffersonisac.adv.br\/index.php\/2024\/04\/25\/comissao-aprova-projeto-que-preve-apenas-dias-uteis-como-data-para-pagamento-de-tributos\/"},"modified":"2024-04-25T17:41:02","modified_gmt":"2024-04-25T20:41:02","slug":"comissao-aprova-projeto-que-preve-apenas-dias-uteis-como-data-para-pagamento-de-tributos","status":"publish","type":"post","link":"https:\/\/jeffersonisac.adv.br\/index.php\/2024\/04\/25\/comissao-aprova-projeto-que-preve-apenas-dias-uteis-como-data-para-pagamento-de-tributos\/","title":{"rendered":"Comiss\u00e3o aprova projeto que prev\u00ea apenas dias \u00fateis como data para pagamento de tributos"},"content":{"rendered":"<div class=\"image-container\">\n<div class=\"midia-creditos\"><em>Zeca Ribeiro\/C\u00e2mara dos Deputados<\/em><\/div>\n<div class=\"media-wrapper\"><\/div>\n<div class=\"midia-legenda\">Luiz Philippe de Orleans e Bragan\u00e7a, relator do projeto<\/div>\n<\/div>\n<p>A Comiss\u00e3o de Finan\u00e7as e Tributa\u00e7\u00e3o da C\u00e2mara dos Deputados aprovou proposta que estabelece apenas dias \u00fateis como data prevista para pagamento de tributos. O texto insere dispositivos no C\u00f3digo Tribut\u00e1rio Nacional.<\/p>\n<p>Pela futura lei, os prazos para quita\u00e7\u00e3o de tributos s\u00f3 se iniciar\u00e3o ou vencer\u00e3o em dias \u00fateis, respeitados os feriados nacionais, estaduais e locais. Se, por acaso, a data n\u00e3o cair em dia \u00fatil, ser\u00e1 prorrogada para o seguinte, vedada a antecipa\u00e7\u00e3o.<\/p>\n<p>O texto aprovado \u00e9 o <span class=\"termoGlossario\">substitutivo<\/span> do relator, deputado Luiz Philippe de Orleans e Bragan\u00e7a (PL-SP), para o <a href=\"https:\/\/www.camara.leg.br\/noticias\/861477-PROJETO-ESTABELECE-INICIO-E-FIM-DE-PRAZO-PARA-PAGAR-TRIBUTOS-APENAS-EM-DIAS-UTEIS\">Projeto de Lei Complementar (PLP) 29\/22<\/a>, da deputada Caroline de Toni (PL-SC), e um <span class=\"termoGlossario\">apensado<\/span>. O relator unificou as duas iniciativas.<\/p>\n<p>\u201c\u00c9 pr\u00e1tica comum e normal, ratificada pela jurisprud\u00eancia, tanto na legisla\u00e7\u00e3o quanto em contratos na esfera privada, que prazos encerrados em dia n\u00e3o \u00fatil sejam postergados para o primeiro dia \u00fatil subsequente\u201d, destacou o relator.<\/p>\n<p>Segundo ele, a legisla\u00e7\u00e3o atual transforma o feriado, ou o final de semana, em motivo para antecipa\u00e7\u00e3o do vencimento dos tributos, ferindo assim os prazos e prejudicando a programa\u00e7\u00e3o de pagamento e o fluxo de caixa do contribuinte.<\/p>\n<p>\u201cPela regra atual, os prazos s\u00f3 se iniciam ou vencem em dia de expediente de reparti\u00e7\u00e3o fiscal\u201d, afirmou Caroline de Toni, autora da vers\u00e3o original. \u201cOcorre que os tributos s\u00e3o pagos na rede banc\u00e1ria, que independe das reparti\u00e7\u00f5es.\u201d<\/p>\n<p><strong>Pr\u00f3ximos passos<\/strong><br \/>\nO projeto ainda ser\u00e1 analisado pela Comiss\u00e3o de Constitui\u00e7\u00e3o e Justi\u00e7a e de Cidadania. Depois seguir\u00e1 para o Plen\u00e1rio.<\/p>\n<p><a href=\"https:\/\/www.camara.leg.br\/noticias\/573454-SAIBA-MAIS-SOBRE-A-TRAMITACAO-DE-PROJETOS-DE-LEI\">Saiba mais sobre a tramita\u00e7\u00e3o de projetos de lei<\/a><\/p>","protected":false},"excerpt":{"rendered":"<p>Zeca Ribeiro\/C\u00e2mara dos Deputados Luiz Philippe de Orleans e Bragan\u00e7a, relator do projeto A Comiss\u00e3o de Finan\u00e7as e Tributa\u00e7\u00e3o da C\u00e2mara dos Deputados aprovou proposta que estabelece apenas dias \u00fateis como data prevista para pagamento de tributos. O texto insere dispositivos no C\u00f3digo Tribut\u00e1rio Nacional. Pela futura lei, os prazos para quita\u00e7\u00e3o de tributos s\u00f3 [&hellip;]<\/p>\n","protected":false},"author":0,"featured_media":0,"comment_status":"open","ping_status":"open","sticky":false,"template":"","format":"standard","meta":{"footnotes":""},"categories":[1],"tags":[],"_links":{"self":[{"href":"https:\/\/jeffersonisac.adv.br\/index.php\/wp-json\/wp\/v2\/posts\/5650"}],"collection":[{"href":"https:\/\/jeffersonisac.adv.br\/index.php\/wp-json\/wp\/v2\/posts"}],"about":[{"href":"https:\/\/jeffersonisac.adv.br\/index.php\/wp-json\/wp\/v2\/types\/post"}],"replies":[{"embeddable":true,"href":"https:\/\/jeffersonisac.adv.br\/index.php\/wp-json\/wp\/v2\/comments?post=5650"}],"version-history":[{"count":0,"href":"https:\/\/jeffersonisac.adv.br\/index.php\/wp-json\/wp\/v2\/posts\/5650\/revisions"}],"wp:attachment":[{"href":"https:\/\/jeffersonisac.adv.br\/index.php\/wp-json\/wp\/v2\/media?parent=5650"}],"wp:term":[{"taxonomy":"category","embeddable":true,"href":"https:\/\/jeffersonisac.adv.br\/index.php\/wp-json\/wp\/v2\/categories?post=5650"},{"taxonomy":"post_tag","embeddable":true,"href":"https:\/\/jeffersonisac.adv.br\/index.php\/wp-json\/wp\/v2\/tags?post=5650"}],"curies":[{"name":"wp","href":"https:\/\/api.w.org\/{rel}","templated":true}]}}