{"id":5711,"date":"2024-04-30T20:15:05","date_gmt":"2024-04-30T23:15:05","guid":{"rendered":"https:\/\/jeffersonisac.adv.br\/index.php\/2024\/04\/30\/inpi-alerta-para-a-importancia-do-registro-da-propriedade-intelectual\/"},"modified":"2024-04-30T20:15:05","modified_gmt":"2024-04-30T23:15:05","slug":"inpi-alerta-para-a-importancia-do-registro-da-propriedade-intelectual","status":"publish","type":"post","link":"https:\/\/jeffersonisac.adv.br\/index.php\/2024\/04\/30\/inpi-alerta-para-a-importancia-do-registro-da-propriedade-intelectual\/","title":{"rendered":"INPI alerta para a import\u00e2ncia do registro da propriedade intelectual"},"content":{"rendered":"<div class=\"image-container\">\n<div class=\"midia-creditos\"><em>Zeca Ribeiro \/ C\u00e2mara dos Deputados<\/em><\/div>\n<div class=\"media-wrapper\"><\/div>\n<div class=\"midia-legenda\">Sess\u00e3o no Plen\u00e1rio da C\u00e2mara sobre o Dia Mundial da Propriedade Intelectual<\/div>\n<\/div>\n<p>Uma sess\u00e3o solene no Plen\u00e1rio da C\u00e2mara dos Deputados nesta ter\u00e7a-feira (30) marcou o Dia Mundial da Propriedade Intelectual. O presidente do Instituto Nacional da Propriedade Intelectual (INPI), Julio C\u00e9sar Moreira, disse aos deputados que 75% das patentes registradas no Pa\u00eds s\u00e3o de estrangeiros. Ele explicou que \u00e9 preciso n\u00e3o s\u00f3 estimular a inova\u00e7\u00e3o, mas aumentar o conhecimento das pessoas sobre a necessidade de um registro correto das inven\u00e7\u00f5es.<\/p>\n<p>O deputado Julio Lopes (PP-RJ), que sugeriu a sess\u00e3o, explicou a import\u00e2ncia do registro de propriedade intelectual. \u201cEla n\u00e3o apenas garante que os criadores recebam o reconhecimento e a justa recompensa por suas inova\u00e7\u00f5es, mas tamb\u00e9m incentiva o investimento cont\u00ednuo em pesquisa e desenvolvimento, alimentando assim o c\u00edrculo virtuoso da inova\u00e7\u00e3o no Pa\u00eds\u201d.<\/p>\n<p>A propriedade intelectual est\u00e1 expressa n\u00e3o s\u00f3 em patentes, mas em marcas, direitos autorais e at\u00e9 indica\u00e7\u00f5es geogr\u00e1ficas como o queijo da Serra da Canastra. Julio C\u00e9sar Moreira, do INPI, afirmou que h\u00e1 um grande potencial de registros na \u00e1rea de biotecnologia, mas que a legisla\u00e7\u00e3o ainda \u00e9 restritiva.<\/p>\n<p>Representando o Minist\u00e9rio do Desenvolvimento, Ind\u00fastria, Com\u00e9rcio e Servi\u00e7os, Andrea Macera disse que mais de 15 milh\u00f5es de patentes ativas no mundo (cerca de 31% do total) est\u00e3o relacionadas aos Objetivos de Desenvolvimento Sustent\u00e1vel, que s\u00e3o 17 metas globais estabelecidas pela Assembleia Geral das Na\u00e7\u00f5es Unidas.<\/p>\n<p>Ela disse que o minist\u00e9rio trabalha para aumentar a inova\u00e7\u00e3o sustent\u00e1vel e tamb\u00e9m citou a necessidade de regulamentar os direitos de propriedade no uso da Intelig\u00eancia Artificial. \u201cPara que possamos ter um equil\u00edbrio fino entre a fundamental prote\u00e7\u00e3o dos direitos de propriedade intelectual dos conte\u00fados utilizados e daqueles gerados pela IA\u201d.<\/p>\n<p><strong>Moderniza\u00e7\u00e3o<\/strong><br \/>\nPara Peter Siemsen, da Associa\u00e7\u00e3o Brasileira da Propriedade Intelectual, \u00e9 preciso modernizar a <a class=\"linkLegislacao\" href=\"https:\/\/www2.camara.gov.br\/legin\/fed\/lei\/1996\/lei-9279-14-maio-1996-374644-norma-pl.html\">Lei de Propriedade Intelectual<\/a>. E destacou o fato de que o INPI conseguiu reduzir o prazo m\u00e9dio de registro de patentes de 10 para 4 anos. A m\u00e9dia mundial seria de 3 anos.<\/p>\n<p>Fabrizio Panzini, da C\u00e2mara Americana de Com\u00e9rcio para o Brasil, citou tr\u00eas projetos de lei que s\u00e3o importantes para o desenvolvimento do setor:<\/p>\n<p>PL 143\/19 sobre a autonomia financeira do INPI;<br \/>\nPL 2056\/22 sobre a compensa\u00e7\u00e3o para atrasos em prazos de patentes;<br \/>\nPL 2210\/22 sobre o pedido provis\u00f3rio de patentes.<\/p>","protected":false},"excerpt":{"rendered":"<p>Zeca Ribeiro \/ C\u00e2mara dos Deputados Sess\u00e3o no Plen\u00e1rio da C\u00e2mara sobre o Dia Mundial da Propriedade Intelectual Uma sess\u00e3o solene no Plen\u00e1rio da C\u00e2mara dos Deputados nesta ter\u00e7a-feira (30) marcou o Dia Mundial da Propriedade Intelectual. O presidente do Instituto Nacional da Propriedade Intelectual (INPI), Julio C\u00e9sar Moreira, disse aos deputados que 75% das [&hellip;]<\/p>\n","protected":false},"author":0,"featured_media":0,"comment_status":"open","ping_status":"open","sticky":false,"template":"","format":"standard","meta":{"footnotes":""},"categories":[1],"tags":[],"_links":{"self":[{"href":"https:\/\/jeffersonisac.adv.br\/index.php\/wp-json\/wp\/v2\/posts\/5711"}],"collection":[{"href":"https:\/\/jeffersonisac.adv.br\/index.php\/wp-json\/wp\/v2\/posts"}],"about":[{"href":"https:\/\/jeffersonisac.adv.br\/index.php\/wp-json\/wp\/v2\/types\/post"}],"replies":[{"embeddable":true,"href":"https:\/\/jeffersonisac.adv.br\/index.php\/wp-json\/wp\/v2\/comments?post=5711"}],"version-history":[{"count":0,"href":"https:\/\/jeffersonisac.adv.br\/index.php\/wp-json\/wp\/v2\/posts\/5711\/revisions"}],"wp:attachment":[{"href":"https:\/\/jeffersonisac.adv.br\/index.php\/wp-json\/wp\/v2\/media?parent=5711"}],"wp:term":[{"taxonomy":"category","embeddable":true,"href":"https:\/\/jeffersonisac.adv.br\/index.php\/wp-json\/wp\/v2\/categories?post=5711"},{"taxonomy":"post_tag","embeddable":true,"href":"https:\/\/jeffersonisac.adv.br\/index.php\/wp-json\/wp\/v2\/tags?post=5711"}],"curies":[{"name":"wp","href":"https:\/\/api.w.org\/{rel}","templated":true}]}}