{"id":5718,"date":"2024-05-02T14:56:04","date_gmt":"2024-05-02T17:56:04","guid":{"rendered":"https:\/\/jeffersonisac.adv.br\/index.php\/2024\/05\/02\/medida-provisoria-abre-credito-orcamentario-para-combate-aos-efeitos-do-fenomeno-climatico-el-nino\/"},"modified":"2024-05-02T14:56:04","modified_gmt":"2024-05-02T17:56:04","slug":"medida-provisoria-abre-credito-orcamentario-para-combate-aos-efeitos-do-fenomeno-climatico-el-nino","status":"publish","type":"post","link":"https:\/\/jeffersonisac.adv.br\/index.php\/2024\/05\/02\/medida-provisoria-abre-credito-orcamentario-para-combate-aos-efeitos-do-fenomeno-climatico-el-nino\/","title":{"rendered":"Medida provis\u00f3ria abre cr\u00e9dito or\u00e7ament\u00e1rio para combate aos efeitos do fen\u00f4meno clim\u00e1tico El Ni\u00f1o"},"content":{"rendered":"<div class=\"image-container\">\n<div class=\"midia-creditos\"><em>Alan Santos\/PR<\/em><\/div>\n<div class=\"media-wrapper\"><\/div>\n<div class=\"midia-legenda\">O El Ni\u00f1o vem causando chuvas torrenciais e alagamentos<\/div>\n<\/div>\n<p>O Congresso Nacional analisa medida provis\u00f3ria (MP 1214\/24) que abre <span class=\"termoGlossario\">cr\u00e9dito extraordin\u00e1rio<\/span> de R$ 369 milh\u00f5es no Or\u00e7amento de 2024 para que o Minist\u00e9rio da Integra\u00e7\u00e3o e do Desenvolvimento Regional atue em a\u00e7\u00f5es de defesa civil para conter os efeitos do fen\u00f4meno clim\u00e1tico El Ni\u00f1o.<\/p>\n<p>O El Ni\u00f1o ocorre devido ao superaquecimento das \u00e1guas do Oceano Pac\u00edfico e pode provocar ondas de calor, secas ou enchentes a depender da regi\u00e3o.<\/p>\n<p><strong>Calamidade p\u00fablica<\/strong><br \/>\nO governo afirma que o fen\u00f4meno clim\u00e1tico causa impactos n\u00e3o previstos, obrigando os gestores p\u00fablicos a decretarem situa\u00e7\u00e3o de emerg\u00eancia e calamidade p\u00fablica, e demandando recursos extraordin\u00e1rios para o enfrentamento dos problemas.<\/p>\n<p>\u201cAs a\u00e7\u00f5es de resposta, em sua maioria, s\u00e3o voltadas \u00e0 aquisi\u00e7\u00e3o de cestas de alimentos, \u00e1gua, colch\u00f5es, kits de higiene e de limpeza, combust\u00edvel, telhas e limpeza urbana, tratando-se de medidas emergenciais\u201d, informa o Executivo na mensagem que acompanha a MP. \u201cQuanto \u00e0s a\u00e7\u00f5es de recupera\u00e7\u00e3o, destacam-se, entre as metas mais requeridas, a reconstru\u00e7\u00e3o de unidades habitacionais, pontes, bueiros, trechos de estradas e demais infraestruturas p\u00fablicas.\u201d<\/p>\n<p>Para o governo, a medida provis\u00f3ria se justifica pela necessidade de atendimento r\u00e1pido \u00e0s popula\u00e7\u00f5es (normalmente, fam\u00edlias mais vulner\u00e1veis) afetadas pelos desastres naturais. Os recursos para o atendimento ser\u00e3o retirados do <span class=\"termoGlossario\">superavit financeiro<\/span> do governo apurado em 2023.<\/p>\n<p><strong>Tramita\u00e7\u00e3o<\/strong><br \/>\nA medida provis\u00f3ria ser\u00e1 analisada pela <span class=\"termoGlossario\">Comiss\u00e3o Mista de Or\u00e7amento<\/span> e, em seguida, ser\u00e1 analisada pelos plen\u00e1rios da C\u00e2mara dos Deputados e do Senado Federal.<\/p>\n<p>A MP 1214\/24 tem de ser aprovada pelo Congresso Nacional at\u00e9 28 de junho para n\u00e3o perder a validade.<\/p>\n<p><a href=\"https:\/\/www.camara.leg.br\/noticias\/573452-saiba-mais-sobre-a-tramitacao-de-mps\/\">Saiba mais sobre a tramita\u00e7\u00e3o de medidas provis\u00f3rias<\/a><\/p>","protected":false},"excerpt":{"rendered":"<p>Alan Santos\/PR O El Ni\u00f1o vem causando chuvas torrenciais e alagamentos O Congresso Nacional analisa medida provis\u00f3ria (MP 1214\/24) que abre cr\u00e9dito extraordin\u00e1rio de R$ 369 milh\u00f5es no Or\u00e7amento de 2024 para que o Minist\u00e9rio da Integra\u00e7\u00e3o e do Desenvolvimento Regional atue em a\u00e7\u00f5es de defesa civil para conter os efeitos do fen\u00f4meno clim\u00e1tico El [&hellip;]<\/p>\n","protected":false},"author":0,"featured_media":0,"comment_status":"open","ping_status":"open","sticky":false,"template":"","format":"standard","meta":{"footnotes":""},"categories":[1],"tags":[],"_links":{"self":[{"href":"https:\/\/jeffersonisac.adv.br\/index.php\/wp-json\/wp\/v2\/posts\/5718"}],"collection":[{"href":"https:\/\/jeffersonisac.adv.br\/index.php\/wp-json\/wp\/v2\/posts"}],"about":[{"href":"https:\/\/jeffersonisac.adv.br\/index.php\/wp-json\/wp\/v2\/types\/post"}],"replies":[{"embeddable":true,"href":"https:\/\/jeffersonisac.adv.br\/index.php\/wp-json\/wp\/v2\/comments?post=5718"}],"version-history":[{"count":0,"href":"https:\/\/jeffersonisac.adv.br\/index.php\/wp-json\/wp\/v2\/posts\/5718\/revisions"}],"wp:attachment":[{"href":"https:\/\/jeffersonisac.adv.br\/index.php\/wp-json\/wp\/v2\/media?parent=5718"}],"wp:term":[{"taxonomy":"category","embeddable":true,"href":"https:\/\/jeffersonisac.adv.br\/index.php\/wp-json\/wp\/v2\/categories?post=5718"},{"taxonomy":"post_tag","embeddable":true,"href":"https:\/\/jeffersonisac.adv.br\/index.php\/wp-json\/wp\/v2\/tags?post=5718"}],"curies":[{"name":"wp","href":"https:\/\/api.w.org\/{rel}","templated":true}]}}