{"id":5735,"date":"2024-05-03T14:26:12","date_gmt":"2024-05-03T17:26:12","guid":{"rendered":"https:\/\/jeffersonisac.adv.br\/index.php\/2024\/05\/03\/comissao-debate-formacao-e-capacitacao-de-mao-de-obra-para-a-transicao-energetica\/"},"modified":"2024-05-03T14:26:12","modified_gmt":"2024-05-03T17:26:12","slug":"comissao-debate-formacao-e-capacitacao-de-mao-de-obra-para-a-transicao-energetica","status":"publish","type":"post","link":"https:\/\/jeffersonisac.adv.br\/index.php\/2024\/05\/03\/comissao-debate-formacao-e-capacitacao-de-mao-de-obra-para-a-transicao-energetica\/","title":{"rendered":"Comiss\u00e3o debate forma\u00e7\u00e3o e capacita\u00e7\u00e3o de m\u00e3o de obra para a transi\u00e7\u00e3o energ\u00e9tica"},"content":{"rendered":"<div class=\"image-container\">\n<div class=\"midia-creditos\"><em>Ulgo Oliveira\/Governo da Bahia<\/em><\/div>\n<div class=\"media-wrapper\"><\/div>\n<div class=\"midia-legenda\">Matriz energ\u00e9tica mais limpa: produ\u00e7\u00e3o de energia solar e e\u00f3lica vem crescendo no Pa\u00eds<\/div>\n<\/div>\n<p>A Comiss\u00e3o de Trabalho da C\u00e2mara dos Deputados promove audi\u00eancia p\u00fablica na pr\u00f3xima quarta-feira (8) sobre forma\u00e7\u00e3o e capacita\u00e7\u00e3o de m\u00e3o de obra para a transi\u00e7\u00e3o energ\u00e9tica. O debate est\u00e1 marcado para as 16h30, no plen\u00e1rio 12.<\/p>\n<p><a href=\"https:\/\/www.camara.leg.br\/evento-legislativo\/72686\">Veja quem foi convidado para participar<\/a><\/p>\n<p>&#8220;Diante do iminente processo de transi\u00e7\u00e3o energ\u00e9tica, acreditamos ser necess\u00e1rio discutir estrat\u00e9gias e pol\u00edticas que assegurem a qualifica\u00e7\u00e3o dos trabalhadores para os desafios e oportunidades decorrentes dessa transforma\u00e7\u00e3o&#8221;, defende o deputado Gerv\u00e1sio Maia (PSB-PB), que pediu a realiza\u00e7\u00e3o da audi\u00eancia.<\/p>\n<p>Ele destaca que a redefini\u00e7\u00e3o da matriz de produ\u00e7\u00e3o de energia requer uma m\u00e3o de obra qualificada e adapt\u00e1vel \u00e0s novas exig\u00eancias do setor. Para Maia, a efic\u00e1cia da transi\u00e7\u00e3o energ\u00e9tica est\u00e1 ligada \u00e0 prepara\u00e7\u00e3o da for\u00e7a de trabalho.<\/p>\n<p>&#8220;Nesse contexto, a audi\u00eancia proposta visa destacar a import\u00e2ncia de se investir em programas abrangentes de forma\u00e7\u00e3o e capacita\u00e7\u00e3o, alinhados com as demandas espec\u00edficas da transi\u00e7\u00e3o para fontes limpas e sustent\u00e1veis de energia&#8221;, afirma.<\/p>\n<p>&#8220;Al\u00e9m disso, a audi\u00eancia proporcionar\u00e1 um espa\u00e7o para a troca de experi\u00eancias e a identifica\u00e7\u00e3o de melhores pr\u00e1ticas, promovendo uma transi\u00e7\u00e3o que seja economicamente vi\u00e1vel e socialmente inclusiva&#8221;, conclui o deputado.<\/p>","protected":false},"excerpt":{"rendered":"<p>Ulgo Oliveira\/Governo da Bahia Matriz energ\u00e9tica mais limpa: produ\u00e7\u00e3o de energia solar e e\u00f3lica vem crescendo no Pa\u00eds A Comiss\u00e3o de Trabalho da C\u00e2mara dos Deputados promove audi\u00eancia p\u00fablica na pr\u00f3xima quarta-feira (8) sobre forma\u00e7\u00e3o e capacita\u00e7\u00e3o de m\u00e3o de obra para a transi\u00e7\u00e3o energ\u00e9tica. O debate est\u00e1 marcado para as 16h30, no plen\u00e1rio 12. [&hellip;]<\/p>\n","protected":false},"author":0,"featured_media":0,"comment_status":"open","ping_status":"open","sticky":false,"template":"","format":"standard","meta":{"footnotes":""},"categories":[1],"tags":[],"_links":{"self":[{"href":"https:\/\/jeffersonisac.adv.br\/index.php\/wp-json\/wp\/v2\/posts\/5735"}],"collection":[{"href":"https:\/\/jeffersonisac.adv.br\/index.php\/wp-json\/wp\/v2\/posts"}],"about":[{"href":"https:\/\/jeffersonisac.adv.br\/index.php\/wp-json\/wp\/v2\/types\/post"}],"replies":[{"embeddable":true,"href":"https:\/\/jeffersonisac.adv.br\/index.php\/wp-json\/wp\/v2\/comments?post=5735"}],"version-history":[{"count":0,"href":"https:\/\/jeffersonisac.adv.br\/index.php\/wp-json\/wp\/v2\/posts\/5735\/revisions"}],"wp:attachment":[{"href":"https:\/\/jeffersonisac.adv.br\/index.php\/wp-json\/wp\/v2\/media?parent=5735"}],"wp:term":[{"taxonomy":"category","embeddable":true,"href":"https:\/\/jeffersonisac.adv.br\/index.php\/wp-json\/wp\/v2\/categories?post=5735"},{"taxonomy":"post_tag","embeddable":true,"href":"https:\/\/jeffersonisac.adv.br\/index.php\/wp-json\/wp\/v2\/tags?post=5735"}],"curies":[{"name":"wp","href":"https:\/\/api.w.org\/{rel}","templated":true}]}}