{"id":5741,"date":"2024-05-06T10:23:04","date_gmt":"2024-05-06T13:23:04","guid":{"rendered":"https:\/\/jeffersonisac.adv.br\/index.php\/2024\/05\/06\/comissao-debate-desafios-na-inclusao-de-pessoas-com-autismo-e-de-suas-familias\/"},"modified":"2024-05-06T10:23:04","modified_gmt":"2024-05-06T13:23:04","slug":"comissao-debate-desafios-na-inclusao-de-pessoas-com-autismo-e-de-suas-familias","status":"publish","type":"post","link":"https:\/\/jeffersonisac.adv.br\/index.php\/2024\/05\/06\/comissao-debate-desafios-na-inclusao-de-pessoas-com-autismo-e-de-suas-familias\/","title":{"rendered":"Comiss\u00e3o debate desafios na inclus\u00e3o de pessoas com autismo e de suas fam\u00edlias"},"content":{"rendered":"<div class=\"image-container\">\n<div class=\"midia-creditos\"><em>GettyImages<\/em><\/div>\n<div class=\"media-wrapper\"><\/div>\n<div class=\"midia-legenda\">Brasil tem cerca de 2 milh\u00f5es de pessoas com autismo<\/div>\n<\/div>\n<p>A Comiss\u00e3o de Previd\u00eancia, Assist\u00eancia Social, Inf\u00e2ncia, Adolesc\u00eancia e Fam\u00edlia da C\u00e2mara dos Deputados discute, nesta quarta-feira (8), as dificuldades e os desafios para a inclus\u00e3o de pessoas com Transtorno do Espectro Autista (TEA) e de suas fam\u00edlias. A audi\u00eancia p\u00fablica atende a pedido da deputada Chris Tonietto (PL-RJ).<\/p>\n<p>O debate ser\u00e1 realizado \u00e0s 16 horas, no plen\u00e1rio 7.<\/p>\n<p><a href=\"https:\/\/www.camara.leg.br\/evento-legislativo\/72735\">Veja a lista de convidados<\/a><\/p>\n<p>A deputada destaca que, no Brasil, h\u00e1 cerca de 2 milh\u00f5es de pessoas com TEA, o que representa cerca de 1% do total da popula\u00e7\u00e3o nacional. Ainda segundo ela, nota-se uma crescente no n\u00famero de pessoas diagnosticadas com autismo no Pa\u00eds e em todo o mundo.<\/p>\n<p>&#8220;\u00c9 sabido que ainda existem muitos mitos, estigmas e lacunas de conhecimento em rela\u00e7\u00e3o a essa tem\u00e1tica, o que pode resultar em discrimina\u00e7\u00e3o, exclus\u00e3o e falta de acesso a servi\u00e7os adequados de sa\u00fade, educa\u00e7\u00e3o e apoio social&#8221;, avalia.<\/p>","protected":false},"excerpt":{"rendered":"<p>GettyImages Brasil tem cerca de 2 milh\u00f5es de pessoas com autismo A Comiss\u00e3o de Previd\u00eancia, Assist\u00eancia Social, Inf\u00e2ncia, Adolesc\u00eancia e Fam\u00edlia da C\u00e2mara dos Deputados discute, nesta quarta-feira (8), as dificuldades e os desafios para a inclus\u00e3o de pessoas com Transtorno do Espectro Autista (TEA) e de suas fam\u00edlias. A audi\u00eancia p\u00fablica atende a pedido [&hellip;]<\/p>\n","protected":false},"author":0,"featured_media":0,"comment_status":"open","ping_status":"open","sticky":false,"template":"","format":"standard","meta":{"footnotes":""},"categories":[1],"tags":[],"_links":{"self":[{"href":"https:\/\/jeffersonisac.adv.br\/index.php\/wp-json\/wp\/v2\/posts\/5741"}],"collection":[{"href":"https:\/\/jeffersonisac.adv.br\/index.php\/wp-json\/wp\/v2\/posts"}],"about":[{"href":"https:\/\/jeffersonisac.adv.br\/index.php\/wp-json\/wp\/v2\/types\/post"}],"replies":[{"embeddable":true,"href":"https:\/\/jeffersonisac.adv.br\/index.php\/wp-json\/wp\/v2\/comments?post=5741"}],"version-history":[{"count":0,"href":"https:\/\/jeffersonisac.adv.br\/index.php\/wp-json\/wp\/v2\/posts\/5741\/revisions"}],"wp:attachment":[{"href":"https:\/\/jeffersonisac.adv.br\/index.php\/wp-json\/wp\/v2\/media?parent=5741"}],"wp:term":[{"taxonomy":"category","embeddable":true,"href":"https:\/\/jeffersonisac.adv.br\/index.php\/wp-json\/wp\/v2\/categories?post=5741"},{"taxonomy":"post_tag","embeddable":true,"href":"https:\/\/jeffersonisac.adv.br\/index.php\/wp-json\/wp\/v2\/tags?post=5741"}],"curies":[{"name":"wp","href":"https:\/\/api.w.org\/{rel}","templated":true}]}}