{"id":5768,"date":"2024-05-07T12:18:25","date_gmt":"2024-05-07T15:18:25","guid":{"rendered":"https:\/\/jeffersonisac.adv.br\/index.php\/2024\/05\/07\/comissao-discute-criacao-do-dia-nacional-da-policial-rodoviaria-federal-feminina\/"},"modified":"2024-05-07T12:18:25","modified_gmt":"2024-05-07T15:18:25","slug":"comissao-discute-criacao-do-dia-nacional-da-policial-rodoviaria-federal-feminina","status":"publish","type":"post","link":"https:\/\/jeffersonisac.adv.br\/index.php\/2024\/05\/07\/comissao-discute-criacao-do-dia-nacional-da-policial-rodoviaria-federal-feminina\/","title":{"rendered":"Comiss\u00e3o discute cria\u00e7\u00e3o do Dia Nacional da Policial Rodovi\u00e1ria Federal Feminina"},"content":{"rendered":"<div class=\"image-container\">\n<div class=\"midia-creditos\"><em>Mario Agra \/ C\u00e2mara dos Deputados<\/em><\/div>\n<div class=\"media-wrapper\"><\/div>\n<div class=\"midia-legenda\">Rog\u00e9ria Santos \u00e9 autora do projeto que cria data para homenagear policiais femininas<\/div>\n<\/div>\n<p>A Comiss\u00e3o de Defesa dos Direitos da Mulher da C\u00e2mara dos Deputados realiza audi\u00eancia p\u00fablica nesta quinta-feira (9) para a discutir a cria\u00e7\u00e3o do Dia Nacional da Policial Federal Feminina, a ser celebrado em 12 de setembro.<\/p>\n<p><a href=\"https:\/\/www.camara.leg.br\/evento-legislativo\/72532\">Confira a lista de convidados para debater o assunto<\/a><\/p>\n<p>A medida est\u00e1 prevista no Projeto de Lei 6040\/23, da deputada Rog\u00e9ria Santos (Republicanos-BA), que prop\u00f4s o debate em conjunto com a deputada Laura Carneiro (PSD-RJ). Rog\u00e9ria destaca a necessidade de reconhecer a import\u00e2ncia da participa\u00e7\u00e3o feminina na corpora\u00e7\u00e3o.<\/p>\n<p>Segundo Rog\u00e9ria Santos, apenas em 1978, cinquenta anos ap\u00f3s a sua funda\u00e7\u00e3o, a Pol\u00edcia Rodovi\u00e1ria Federal (PRF) recebeu as primeiras mulheres em seu quadro. Na ocasi\u00e3o, as cinco aprovadas no concurso p\u00fablico precisaram recorrer \u00e0 Justi\u00e7a para tomar posse, porque o edital n\u00e3o previa vagas para o sexo feminino.<\/p>\n<p>&#8220;Gra\u00e7as a pol\u00edticas afirmativas, a ocupa\u00e7\u00e3o de espa\u00e7os &#8216;tipicamente masculinos&#8217; pelas mulheres, como o quadro funcional da Pol\u00edcia Rodovi\u00e1ria Federal, passou a ser incentivada com o passar do tempo&#8221;, afirma Rog\u00e9ria Santos. Atualmente, a PRF tem 1.452 mulheres na ativa.<\/p>\n<p>A audi\u00eancia p\u00fablica realizada no plen\u00e1rio 14, \u00e0s 14 horas.<\/p>","protected":false},"excerpt":{"rendered":"<p>Mario Agra \/ C\u00e2mara dos Deputados Rog\u00e9ria Santos \u00e9 autora do projeto que cria data para homenagear policiais femininas A Comiss\u00e3o de Defesa dos Direitos da Mulher da C\u00e2mara dos Deputados realiza audi\u00eancia p\u00fablica nesta quinta-feira (9) para a discutir a cria\u00e7\u00e3o do Dia Nacional da Policial Federal Feminina, a ser celebrado em 12 de [&hellip;]<\/p>\n","protected":false},"author":0,"featured_media":0,"comment_status":"open","ping_status":"open","sticky":false,"template":"","format":"standard","meta":{"footnotes":""},"categories":[1],"tags":[],"_links":{"self":[{"href":"https:\/\/jeffersonisac.adv.br\/index.php\/wp-json\/wp\/v2\/posts\/5768"}],"collection":[{"href":"https:\/\/jeffersonisac.adv.br\/index.php\/wp-json\/wp\/v2\/posts"}],"about":[{"href":"https:\/\/jeffersonisac.adv.br\/index.php\/wp-json\/wp\/v2\/types\/post"}],"replies":[{"embeddable":true,"href":"https:\/\/jeffersonisac.adv.br\/index.php\/wp-json\/wp\/v2\/comments?post=5768"}],"version-history":[{"count":0,"href":"https:\/\/jeffersonisac.adv.br\/index.php\/wp-json\/wp\/v2\/posts\/5768\/revisions"}],"wp:attachment":[{"href":"https:\/\/jeffersonisac.adv.br\/index.php\/wp-json\/wp\/v2\/media?parent=5768"}],"wp:term":[{"taxonomy":"category","embeddable":true,"href":"https:\/\/jeffersonisac.adv.br\/index.php\/wp-json\/wp\/v2\/categories?post=5768"},{"taxonomy":"post_tag","embeddable":true,"href":"https:\/\/jeffersonisac.adv.br\/index.php\/wp-json\/wp\/v2\/tags?post=5768"}],"curies":[{"name":"wp","href":"https:\/\/api.w.org\/{rel}","templated":true}]}}