{"id":5866,"date":"2024-05-10T18:43:07","date_gmt":"2024-05-10T21:43:07","guid":{"rendered":"https:\/\/jeffersonisac.adv.br\/index.php\/2024\/05\/10\/comissao-discute-renegociacao-de-dividas-de-estudantes-com-o-fies\/"},"modified":"2024-05-10T18:43:07","modified_gmt":"2024-05-10T21:43:07","slug":"comissao-discute-renegociacao-de-dividas-de-estudantes-com-o-fies","status":"publish","type":"post","link":"https:\/\/jeffersonisac.adv.br\/index.php\/2024\/05\/10\/comissao-discute-renegociacao-de-dividas-de-estudantes-com-o-fies\/","title":{"rendered":"Comiss\u00e3o discute renegocia\u00e7\u00e3o de d\u00edvidas de estudantes com o Fies"},"content":{"rendered":"<div class=\"image-container\">\n<div class=\"midia-creditos\"><em>Geraldo Bubniak\/Ag\u00eancia de Not\u00edcias do Paran\u00e1<\/em><\/div>\n<div class=\"media-wrapper\"><\/div>\n<div class=\"midia-legenda\">Segundo o MEC, cerca de 1,2 milh\u00e3o de alunos est\u00e1 inadimplente com o Fies<\/div>\n<\/div>\n<p>A Comiss\u00e3o de Educa\u00e7\u00e3o da C\u00e2mara dos Deputados discute na ter\u00e7a-feira (14) os crit\u00e9rios adotados pelo governo para renegociar d\u00edvidas de alunos com o Fundo de Financiamento Estudantil (Fies).<\/p>\n<p><a href=\"https:\/\/www.camara.leg.br\/evento-legislativo\/72733\">Veja quem foi convidado para debater o assunto<\/a><\/p>\n<p>Por meio do &#8220;Desenrola Fies&#8221;, estudantes podem procurar at\u00e9 o dia 30 de maio o Banco do Brasil ou a Caixa Econ\u00f4mica Federal para conseguir descontos no pagamento de seus d\u00e9bitos.<\/p>\n<p>As renegocia\u00e7\u00f5es s\u00e3o referentes a contratos firmados at\u00e9 2017 e com d\u00edvidas em 30 de junho de 2023. O programa disponibiliza descontos que podem chegar at\u00e9 99% de abatimento no valor consolidado da d\u00edvida e at\u00e9 100% nos juros, dependendo de cada caso. As regras foram definidas pela Lei <a href=\"https:\/\/www2.camara.leg.br\/legin\/fed\/lei\/2023\/lei-14719-1-novembro-2023-794891-norma-pl.html\">14.719\/23<\/a>.<\/p>\n<p>A audi\u00eancia p\u00fablica atende a pedido do deputado Gustavo Gayer (PL-GO). Ele cita dados do Minist\u00e9rio do Educa\u00e7\u00e3o (MEC) segundo os quais h\u00e1 cerca de 1,2 milh\u00e3o de pessoas inadimplentes, com saldo devedor de R$ 54 bilh\u00f5es.<\/p>\n<p>&#8220;Trata-se de uma oportunidade importante para discutirmos e esclarecermos os aspectos da norma que est\u00e1 vigorando, al\u00e9m de debater seus impactos nos diversos setores envolvidos&#8221;, diz o parlamentar.<\/p>\n<p>A reuni\u00e3o ser\u00e1 realizada \u00e0s 16 horas, em plen\u00e1rio a definir.<\/p>","protected":false},"excerpt":{"rendered":"<p>Geraldo Bubniak\/Ag\u00eancia de Not\u00edcias do Paran\u00e1 Segundo o MEC, cerca de 1,2 milh\u00e3o de alunos est\u00e1 inadimplente com o Fies A Comiss\u00e3o de Educa\u00e7\u00e3o da C\u00e2mara dos Deputados discute na ter\u00e7a-feira (14) os crit\u00e9rios adotados pelo governo para renegociar d\u00edvidas de alunos com o Fundo de Financiamento Estudantil (Fies). Veja quem foi convidado para debater [&hellip;]<\/p>\n","protected":false},"author":0,"featured_media":0,"comment_status":"open","ping_status":"open","sticky":false,"template":"","format":"standard","meta":{"footnotes":""},"categories":[1],"tags":[],"_links":{"self":[{"href":"https:\/\/jeffersonisac.adv.br\/index.php\/wp-json\/wp\/v2\/posts\/5866"}],"collection":[{"href":"https:\/\/jeffersonisac.adv.br\/index.php\/wp-json\/wp\/v2\/posts"}],"about":[{"href":"https:\/\/jeffersonisac.adv.br\/index.php\/wp-json\/wp\/v2\/types\/post"}],"replies":[{"embeddable":true,"href":"https:\/\/jeffersonisac.adv.br\/index.php\/wp-json\/wp\/v2\/comments?post=5866"}],"version-history":[{"count":0,"href":"https:\/\/jeffersonisac.adv.br\/index.php\/wp-json\/wp\/v2\/posts\/5866\/revisions"}],"wp:attachment":[{"href":"https:\/\/jeffersonisac.adv.br\/index.php\/wp-json\/wp\/v2\/media?parent=5866"}],"wp:term":[{"taxonomy":"category","embeddable":true,"href":"https:\/\/jeffersonisac.adv.br\/index.php\/wp-json\/wp\/v2\/categories?post=5866"},{"taxonomy":"post_tag","embeddable":true,"href":"https:\/\/jeffersonisac.adv.br\/index.php\/wp-json\/wp\/v2\/tags?post=5866"}],"curies":[{"name":"wp","href":"https:\/\/api.w.org\/{rel}","templated":true}]}}