{"id":5872,"date":"2024-05-13T11:30:19","date_gmt":"2024-05-13T14:30:19","guid":{"rendered":"https:\/\/jeffersonisac.adv.br\/index.php\/2024\/05\/13\/comissao-de-saude-aprova-emenda-do-senado-a-proposta-que-beneficia-pessoas-com-neurofibromatose\/"},"modified":"2024-05-13T11:30:19","modified_gmt":"2024-05-13T14:30:19","slug":"comissao-de-saude-aprova-emenda-do-senado-a-proposta-que-beneficia-pessoas-com-neurofibromatose","status":"publish","type":"post","link":"https:\/\/jeffersonisac.adv.br\/index.php\/2024\/05\/13\/comissao-de-saude-aprova-emenda-do-senado-a-proposta-que-beneficia-pessoas-com-neurofibromatose\/","title":{"rendered":"Comiss\u00e3o de Sa\u00fade aprova emenda do Senado a proposta que beneficia pessoas com neurofibromatose"},"content":{"rendered":"<div class=\"image-container\">\n<div class=\"midia-creditos\"><em>Zeca Ribeiro\/C\u00e2mara dos Deputados<\/em><\/div>\n<div class=\"media-wrapper\"><\/div>\n<div class=\"midia-legenda\">Jorge Solla recomendou a aprova\u00e7\u00e3o da emenda dos senadores<\/div>\n<\/div>\n<p><span>A Comiss\u00e3o de Sa\u00fade da C\u00e2mara dos Deputados aprovou uma emenda do Senado ao projeto de lei que equipara a neurofibromatose (S\u00edndrome de Von Recklinghausen) \u00e0s defici\u00eancias f\u00edsicas e intelectuais para os efeitos jur\u00eddicos em todo o Pa\u00eds (PL 410\/19, anteriormente<\/span><a href=\"https:\/\/www.camara.leg.br\/noticias\/465672-PROJETO-CONCEDE-DIREITOS-E-BENEFICIOS-SOCIAIS-A-QUEM-TEM-A-DOENCA-NEUROFIBROMATOSE\"><span> PL 39\/15<\/span><\/a><span>).<\/span><\/p>\n<p><span>O projeto, do ex-deputado Sergio Vidigal (ES), foi<\/span><a href=\"https:\/\/www.camara.leg.br\/noticias\/547885-APROVADO-PROJETO-QUE-CONCEDE-BENEFICIOS-SOCIAIS-A-QUEM-TEM-NEUROFIBROMATOSE\"> <span>aprovado pela C\u00e2mara<\/span><\/a><span> em 2018 e enviado ao Senado para an\u00e1lise, onde recebeu uma emenda de autoria da senadora Mara Gabrilli (PSD-SP).<\/span><\/p>\n<p><span><strong>O que \u00e9 a doen\u00e7a<\/strong><br \/>\nAs neurofibromatoses s\u00e3o doen\u00e7as gen\u00e9ticas. H\u00e1 tr\u00eas tipos e cada uma tem causas, efeitos e sintomas diferentes. Elas podem ocasionar tumores na pele e no sistema nervoso, problemas de crescimento e de aprendizagem, defeitos \u00f3sseos e uma s\u00e9rie de outros danos \u00e0 sa\u00fade.<\/span><\/p>\n<p><span>O texto aprovado pela C\u00e2mara assegura \u00e0s pessoas com a s\u00edndrome os mesmos direitos, garantias e benef\u00edcios sociais das pessoas com defici\u00eancia f\u00edsica ou intelectual previstos na Constitui\u00e7\u00e3o.<\/span><\/p>\n<p><span><strong>Avalia\u00e7\u00e3o biopsicossocial<\/strong><br \/>\nA emenda do Senado determina que a equipara\u00e7\u00e3o ser\u00e1 condicionada \u00e0 realiza\u00e7\u00e3o de avalia\u00e7\u00e3o biopsicossocial, por equipe multiprofissional e interdisciplinar, nos termos previstos no<\/span><a href=\"https:\/\/www2.camara.leg.br\/legin\/fed\/lei\/2015\/lei-13146-6-julho-2015-781174-norma-pl.html\"> <span>Estatuto da Pessoa com Defici\u00eancia<\/span><\/a><span>.<\/span><\/p>\n<p><span>O parecer do relator, deputado Jorge Solla (PT-BA), foi favor\u00e1vel \u00e0 emenda do Senado. \u201cEla preserva a l\u00f3gica vigente da caracteriza\u00e7\u00e3o da pessoa com defici\u00eancia, que n\u00e3o pode prescindir da avalia\u00e7\u00e3o biopsicossocial individualizada, a ser realizada por equipe multiprofissional\u201d, avaliou.\u00a0<\/span><\/p>\n<p>Pr\u00f3ximos passos<br \/>\n <span>A emenda do Senado ser\u00e1 analisada agora pelas comiss\u00f5es de Finan\u00e7as e Tributa\u00e7\u00e3o; e de Constitui\u00e7\u00e3o e Justi\u00e7a e de Cidadania (CCJ). A \u00faltima etapa ser\u00e1 a vota\u00e7\u00e3o no Plen\u00e1rio da C\u00e2mara.<\/span><\/p>\n<p><a href=\"https:\/\/www.camara.leg.br\/noticias\/573454-SAIBA-MAIS-SOBRE-A-TRAMITACAO-DE-PROJETOS-DE-LEI\">Saiba mais sobre a tramita\u00e7\u00e3o de projetos de lei<\/a><\/p>","protected":false},"excerpt":{"rendered":"<p>Zeca Ribeiro\/C\u00e2mara dos Deputados Jorge Solla recomendou a aprova\u00e7\u00e3o da emenda dos senadores A Comiss\u00e3o de Sa\u00fade da C\u00e2mara dos Deputados aprovou uma emenda do Senado ao projeto de lei que equipara a neurofibromatose (S\u00edndrome de Von Recklinghausen) \u00e0s defici\u00eancias f\u00edsicas e intelectuais para os efeitos jur\u00eddicos em todo o Pa\u00eds (PL 410\/19, anteriormente PL [&hellip;]<\/p>\n","protected":false},"author":0,"featured_media":0,"comment_status":"open","ping_status":"open","sticky":false,"template":"","format":"standard","meta":{"footnotes":""},"categories":[1],"tags":[],"_links":{"self":[{"href":"https:\/\/jeffersonisac.adv.br\/index.php\/wp-json\/wp\/v2\/posts\/5872"}],"collection":[{"href":"https:\/\/jeffersonisac.adv.br\/index.php\/wp-json\/wp\/v2\/posts"}],"about":[{"href":"https:\/\/jeffersonisac.adv.br\/index.php\/wp-json\/wp\/v2\/types\/post"}],"replies":[{"embeddable":true,"href":"https:\/\/jeffersonisac.adv.br\/index.php\/wp-json\/wp\/v2\/comments?post=5872"}],"version-history":[{"count":0,"href":"https:\/\/jeffersonisac.adv.br\/index.php\/wp-json\/wp\/v2\/posts\/5872\/revisions"}],"wp:attachment":[{"href":"https:\/\/jeffersonisac.adv.br\/index.php\/wp-json\/wp\/v2\/media?parent=5872"}],"wp:term":[{"taxonomy":"category","embeddable":true,"href":"https:\/\/jeffersonisac.adv.br\/index.php\/wp-json\/wp\/v2\/categories?post=5872"},{"taxonomy":"post_tag","embeddable":true,"href":"https:\/\/jeffersonisac.adv.br\/index.php\/wp-json\/wp\/v2\/tags?post=5872"}],"curies":[{"name":"wp","href":"https:\/\/api.w.org\/{rel}","templated":true}]}}