{"id":5874,"date":"2024-05-13T11:30:19","date_gmt":"2024-05-13T14:30:19","guid":{"rendered":"https:\/\/jeffersonisac.adv.br\/index.php\/2024\/05\/13\/comissao-da-camara-discute-prioridades-do-ministerio-do-turismo\/"},"modified":"2024-05-13T11:30:19","modified_gmt":"2024-05-13T14:30:19","slug":"comissao-da-camara-discute-prioridades-do-ministerio-do-turismo","status":"publish","type":"post","link":"https:\/\/jeffersonisac.adv.br\/index.php\/2024\/05\/13\/comissao-da-camara-discute-prioridades-do-ministerio-do-turismo\/","title":{"rendered":"Comiss\u00e3o da C\u00e2mara discute prioridades do Minist\u00e9rio do Turismo"},"content":{"rendered":"<div class=\"image-container\">\n<div class=\"midia-creditos\"><em>Vinicius Loures \/ C\u00e2mara dos Deputados<\/em><\/div>\n<div class=\"media-wrapper\"><\/div>\n<div class=\"midia-legenda\">Ministro Celso Sabino participar\u00e1 do debate<\/div>\n<\/div>\n<p>A Comiss\u00e3o de Turismo da C\u00e2mara dos Deputados recebe nesta quarta-feira (15) o ministro do Turismo, Celso Sabino.<\/p>\n<p>Ele vir\u00e1 apresentar aos parlamentares os planos e programas priorit\u00e1rios da pasta.<\/p>\n<p><a href=\"https:\/\/www.camara.leg.br\/evento-legislativo\/72682\">Confira a pauta da reuni\u00e3o<\/a><\/p>\n<p>A audi\u00eancia p\u00fablica ser\u00e1 realizada no plen\u00e1rio 5, \u00e0s 15 horas.<\/p>","protected":false},"excerpt":{"rendered":"<p>Vinicius Loures \/ C\u00e2mara dos Deputados Ministro Celso Sabino participar\u00e1 do debate A Comiss\u00e3o de Turismo da C\u00e2mara dos Deputados recebe nesta quarta-feira (15) o ministro do Turismo, Celso Sabino. Ele vir\u00e1 apresentar aos parlamentares os planos e programas priorit\u00e1rios da pasta. Confira a pauta da reuni\u00e3o A audi\u00eancia p\u00fablica ser\u00e1 realizada no plen\u00e1rio 5, [&hellip;]<\/p>\n","protected":false},"author":0,"featured_media":0,"comment_status":"open","ping_status":"open","sticky":false,"template":"","format":"standard","meta":{"footnotes":""},"categories":[1],"tags":[],"_links":{"self":[{"href":"https:\/\/jeffersonisac.adv.br\/index.php\/wp-json\/wp\/v2\/posts\/5874"}],"collection":[{"href":"https:\/\/jeffersonisac.adv.br\/index.php\/wp-json\/wp\/v2\/posts"}],"about":[{"href":"https:\/\/jeffersonisac.adv.br\/index.php\/wp-json\/wp\/v2\/types\/post"}],"replies":[{"embeddable":true,"href":"https:\/\/jeffersonisac.adv.br\/index.php\/wp-json\/wp\/v2\/comments?post=5874"}],"version-history":[{"count":0,"href":"https:\/\/jeffersonisac.adv.br\/index.php\/wp-json\/wp\/v2\/posts\/5874\/revisions"}],"wp:attachment":[{"href":"https:\/\/jeffersonisac.adv.br\/index.php\/wp-json\/wp\/v2\/media?parent=5874"}],"wp:term":[{"taxonomy":"category","embeddable":true,"href":"https:\/\/jeffersonisac.adv.br\/index.php\/wp-json\/wp\/v2\/categories?post=5874"},{"taxonomy":"post_tag","embeddable":true,"href":"https:\/\/jeffersonisac.adv.br\/index.php\/wp-json\/wp\/v2\/tags?post=5874"}],"curies":[{"name":"wp","href":"https:\/\/api.w.org\/{rel}","templated":true}]}}