{"id":5883,"date":"2024-05-13T13:49:16","date_gmt":"2024-05-13T16:49:16","guid":{"rendered":"https:\/\/jeffersonisac.adv.br\/index.php\/2024\/05\/13\/projeto-considera-crime-criar-dificuldades-para-socorrer-vitima-de-calamidade-publica\/"},"modified":"2024-05-13T13:49:16","modified_gmt":"2024-05-13T16:49:16","slug":"projeto-considera-crime-criar-dificuldades-para-socorrer-vitima-de-calamidade-publica","status":"publish","type":"post","link":"https:\/\/jeffersonisac.adv.br\/index.php\/2024\/05\/13\/projeto-considera-crime-criar-dificuldades-para-socorrer-vitima-de-calamidade-publica\/","title":{"rendered":"Projeto considera crime criar dificuldades para socorrer v\u00edtima de calamidade p\u00fablica"},"content":{"rendered":"<div class=\"image-container\">\n<div class=\"midia-creditos\"><em>Zeca Ribeiro\/C\u00e2mara dos Deputados<\/em><\/div>\n<div class=\"media-wrapper\"><\/div>\n<div class=\"midia-legenda\">Coronel Meira, o autor da proposta<\/div>\n<\/div>\n<p><span>O Projeto de Lei 1633\/24 considera crime criar impedimento fiscal, sanit\u00e1rio, ambiental ou administrativo; dificultar o servi\u00e7o de socorro ou a entrega de donativos e o resgate \u00e0s v\u00edtimas, durante a vig\u00eancia de estado de calamidade p\u00fablica. A pena prevista \u00e9 de 4 a 8 anos de <span class=\"termoGlossario\">reclus\u00e3o<\/span> mais multa.\u00a0<\/span><\/p>\n<p><span>Em an\u00e1lise na C\u00e2mara dos Deputados, a proposta inclui a medida no <a href=\"https:\/\/www2.camara.leg.br\/legin\/fed\/declei\/1940-1949\/decreto-lei-2848-7-dezembro-1940-412868-norma-pe.html\">C\u00f3digo Penal<\/a>.<\/span><\/p>\n<p><span>Autor da proposta, o deputado Coronel Meira (PL-PE) afirma que, durante as enchentes que atingem o Rio Grande Sul, alguns <\/span><span>volunt\u00e1rios propriet\u00e1rios de barcos e jet skis reclamaram que, na tentativa de ajudar as v\u00edtimas, foram impedidos ou tiveram que apresentar habilita\u00e7\u00e3o para transitar com os ve\u00edculos.\u00a0<\/span><\/p>\n<p><span>&#8220;Para agravar a situa\u00e7\u00e3o, at\u00e9 o fornecimento de medicamentos est\u00e1 sofrendo \u00f3bices e embara\u00e7os para chegar a quem precisa\u201d, denuncia.<\/span><\/p>\n<p><strong>Pr\u00f3ximos passos<\/strong><span><br \/>\n<\/span><span>A proposta ser\u00e1 analisada pela <\/span><span>Comiss\u00e3o de Constitui\u00e7\u00e3o e Justi\u00e7a e de Cidadania e pelo Plen\u00e1rio.<\/span><\/p>\n<p><a href=\"https:\/\/www.camara.leg.br\/noticias\/573454-SAIBA-MAIS-SOBRE-A-TRAMITACAO-DE-PROJETOS-DE-LEI\">Saiba mais sobre a tramita\u00e7\u00e3o de projetos de lei<\/a><\/p>","protected":false},"excerpt":{"rendered":"<p>Zeca Ribeiro\/C\u00e2mara dos Deputados Coronel Meira, o autor da proposta O Projeto de Lei 1633\/24 considera crime criar impedimento fiscal, sanit\u00e1rio, ambiental ou administrativo; dificultar o servi\u00e7o de socorro ou a entrega de donativos e o resgate \u00e0s v\u00edtimas, durante a vig\u00eancia de estado de calamidade p\u00fablica. A pena prevista \u00e9 de 4 a 8 [&hellip;]<\/p>\n","protected":false},"author":0,"featured_media":0,"comment_status":"open","ping_status":"open","sticky":false,"template":"","format":"standard","meta":{"footnotes":""},"categories":[1],"tags":[],"_links":{"self":[{"href":"https:\/\/jeffersonisac.adv.br\/index.php\/wp-json\/wp\/v2\/posts\/5883"}],"collection":[{"href":"https:\/\/jeffersonisac.adv.br\/index.php\/wp-json\/wp\/v2\/posts"}],"about":[{"href":"https:\/\/jeffersonisac.adv.br\/index.php\/wp-json\/wp\/v2\/types\/post"}],"replies":[{"embeddable":true,"href":"https:\/\/jeffersonisac.adv.br\/index.php\/wp-json\/wp\/v2\/comments?post=5883"}],"version-history":[{"count":0,"href":"https:\/\/jeffersonisac.adv.br\/index.php\/wp-json\/wp\/v2\/posts\/5883\/revisions"}],"wp:attachment":[{"href":"https:\/\/jeffersonisac.adv.br\/index.php\/wp-json\/wp\/v2\/media?parent=5883"}],"wp:term":[{"taxonomy":"category","embeddable":true,"href":"https:\/\/jeffersonisac.adv.br\/index.php\/wp-json\/wp\/v2\/categories?post=5883"},{"taxonomy":"post_tag","embeddable":true,"href":"https:\/\/jeffersonisac.adv.br\/index.php\/wp-json\/wp\/v2\/tags?post=5883"}],"curies":[{"name":"wp","href":"https:\/\/api.w.org\/{rel}","templated":true}]}}