{"id":5884,"date":"2024-05-13T13:49:16","date_gmt":"2024-05-13T16:49:16","guid":{"rendered":"https:\/\/jeffersonisac.adv.br\/index.php\/2024\/05\/13\/congresso-recebe-na-terca-projecao-especial-pelo-dia-nacional-da-luta-antimanicomial\/"},"modified":"2024-05-13T13:49:16","modified_gmt":"2024-05-13T16:49:16","slug":"congresso-recebe-na-terca-projecao-especial-pelo-dia-nacional-da-luta-antimanicomial","status":"publish","type":"post","link":"https:\/\/jeffersonisac.adv.br\/index.php\/2024\/05\/13\/congresso-recebe-na-terca-projecao-especial-pelo-dia-nacional-da-luta-antimanicomial\/","title":{"rendered":"Congresso recebe na ter\u00e7a proje\u00e7\u00e3o especial pelo Dia Nacional da Luta Antimanicomial"},"content":{"rendered":"<div class=\"image-container\">\n<div class=\"midia-creditos\"><em>Tomaz Silva\/Ag\u00eancia Brasil<\/em><\/div>\n<div class=\"media-wrapper\"><\/div>\n<div class=\"midia-legenda\">Dia Nacional da Luta Antimanicomial \u00e9 comemorado em 18 de maio<\/div>\n<\/div>\n<p>O pr\u00e9dio do Congresso Nacional recebe nesta ter\u00e7a-feira (14) proje\u00e7\u00e3o de v\u00eddeos, das 17h30 \u00e0s 23h30, como parte das a\u00e7\u00f5es pelo Dia Nacional da Luta Antimanicomial (18 de maio). A data \u00e9 marcada por mobiliza\u00e7\u00f5es em torno do fechamento de manic\u00f4mios, implanta\u00e7\u00e3o da rede de sa\u00fade mental e aten\u00e7\u00e3o psicossocial e a instaura\u00e7\u00e3o de novas pr\u00e1ticas psiqui\u00e1tricas no Pa\u00eds.<\/p>\n<p>O movimento antimanicomial \u00e9 caracterizado pela luta por direitos das pessoas com sofrimento mental. No centro do movimento est\u00e1 o combate ao estigma e \u00e0 exclus\u00e3o de pessoas em sofrimento ps\u00edquico grave, em nome de pretensos tratamentos.<\/p>\n<p>A luta por uma reforma psiqui\u00e1trica foi iniciada no final da d\u00e9cada de 70 e questiona o modelo cl\u00e1ssico de assist\u00eancia centrado em interna\u00e7\u00f5es em hospitais psiqui\u00e1tricos. O movimento prop\u00f5e a reorganiza\u00e7\u00e3o do modelo de aten\u00e7\u00e3o em sa\u00fade mental no Brasil a partir de servi\u00e7os abertos, comunit\u00e1rios e territorializados, buscando garantir a cidadania de usu\u00e1rios e familiares, historicamente discriminados e exclu\u00eddos da sociedade.<\/p>\n<p><a href=\"https:\/\/www.camara.leg.br\/noticias\/868531-LEI-DA-REFORMA-PSIQUIATRICA-COMPLETA-21-ANOS-EM-MEIO-A-AVANCOS-E-DESAFIOS\">Em 2022, a\u00a0Lei da reforma psiqui\u00e1trica completou 21 anos.<\/a>\u00a0Tamb\u00e9m conhecida como Antimanicomial ou Paulo Delgado, a lei tem como fundamento o tratamento mais humanizado dos pacientes acometidos por doen\u00e7as mentais, com o fechamento gradual de manic\u00f4mios e hosp\u00edcios existentes no Pa\u00eds.<\/p>\n<p>A diretriz \u00e9 a interna\u00e7\u00e3o do paciente somente se o tratamento fora do hospital se provar ineficiente.<\/p>","protected":false},"excerpt":{"rendered":"<p>Tomaz Silva\/Ag\u00eancia Brasil Dia Nacional da Luta Antimanicomial \u00e9 comemorado em 18 de maio O pr\u00e9dio do Congresso Nacional recebe nesta ter\u00e7a-feira (14) proje\u00e7\u00e3o de v\u00eddeos, das 17h30 \u00e0s 23h30, como parte das a\u00e7\u00f5es pelo Dia Nacional da Luta Antimanicomial (18 de maio). A data \u00e9 marcada por mobiliza\u00e7\u00f5es em torno do fechamento de manic\u00f4mios, [&hellip;]<\/p>\n","protected":false},"author":0,"featured_media":0,"comment_status":"open","ping_status":"open","sticky":false,"template":"","format":"standard","meta":{"footnotes":""},"categories":[1],"tags":[],"_links":{"self":[{"href":"https:\/\/jeffersonisac.adv.br\/index.php\/wp-json\/wp\/v2\/posts\/5884"}],"collection":[{"href":"https:\/\/jeffersonisac.adv.br\/index.php\/wp-json\/wp\/v2\/posts"}],"about":[{"href":"https:\/\/jeffersonisac.adv.br\/index.php\/wp-json\/wp\/v2\/types\/post"}],"replies":[{"embeddable":true,"href":"https:\/\/jeffersonisac.adv.br\/index.php\/wp-json\/wp\/v2\/comments?post=5884"}],"version-history":[{"count":0,"href":"https:\/\/jeffersonisac.adv.br\/index.php\/wp-json\/wp\/v2\/posts\/5884\/revisions"}],"wp:attachment":[{"href":"https:\/\/jeffersonisac.adv.br\/index.php\/wp-json\/wp\/v2\/media?parent=5884"}],"wp:term":[{"taxonomy":"category","embeddable":true,"href":"https:\/\/jeffersonisac.adv.br\/index.php\/wp-json\/wp\/v2\/categories?post=5884"},{"taxonomy":"post_tag","embeddable":true,"href":"https:\/\/jeffersonisac.adv.br\/index.php\/wp-json\/wp\/v2\/tags?post=5884"}],"curies":[{"name":"wp","href":"https:\/\/api.w.org\/{rel}","templated":true}]}}