{"id":5899,"date":"2024-05-13T19:39:21","date_gmt":"2024-05-13T22:39:21","guid":{"rendered":"https:\/\/jeffersonisac.adv.br\/index.php\/2024\/05\/13\/comissao-debate-criacao-do-sistema-nacional-de-financas-solidarias-no-brasil\/"},"modified":"2024-05-13T19:39:21","modified_gmt":"2024-05-13T22:39:21","slug":"comissao-debate-criacao-do-sistema-nacional-de-financas-solidarias-no-brasil","status":"publish","type":"post","link":"https:\/\/jeffersonisac.adv.br\/index.php\/2024\/05\/13\/comissao-debate-criacao-do-sistema-nacional-de-financas-solidarias-no-brasil\/","title":{"rendered":"Comiss\u00e3o debate cria\u00e7\u00e3o do Sistema Nacional de Finan\u00e7as Solid\u00e1rias no Brasil"},"content":{"rendered":"<div class=\"image-container\">\n<div class=\"midia-creditos\"><em>Zeca Ribeiro\/C\u00e2mara dos Deputados<\/em><\/div>\n<div class=\"media-wrapper\"><\/div>\n<div class=\"midia-legenda\">Carlos Veras: microcr\u00e9dito e poupan\u00e7a s\u00e3o exemplos servi\u00e7os financeiros inclusivos<\/div>\n<\/div>\n<p>A Comiss\u00e3o de Trabalho promove audi\u00eancia p\u00fablica na quarta-feira (15) sobre a implanta\u00e7\u00e3o de um Sistema Nacional de Finan\u00e7as Solid\u00e1rias no Brasil, tema de um dos eixos da Economia Solid\u00e1ria.<\/p>\n<p>O deputado Carlos Veras (PT-PE) sugeriu o debate. Ele considera primordial a cria\u00e7\u00e3o de um sistema de finan\u00e7as solid\u00e1rias que promova a inclus\u00e3o financeira e o desenvolvimento econ\u00f4mico sustent\u00e1vel. &#8220;Ao oferecer servi\u00e7os financeiros acess\u00edveis, como microcr\u00e9dito e poupan\u00e7a, essas iniciativas fortalecem a capacidade das pessoas de criarem seus pr\u00f3prios neg\u00f3cios e de gerarem empregos&#8221;, disse.<\/p>\n<p>A reuni\u00e3o ocorre \u00e0s 16h30, no plen\u00e1rio 14. <a href=\"https:\/\/www.camara.leg.br\/evento-legislativo\/72778\">Confira a lista de convidados<\/a>.<\/p>","protected":false},"excerpt":{"rendered":"<p>Zeca Ribeiro\/C\u00e2mara dos Deputados Carlos Veras: microcr\u00e9dito e poupan\u00e7a s\u00e3o exemplos servi\u00e7os financeiros inclusivos A Comiss\u00e3o de Trabalho promove audi\u00eancia p\u00fablica na quarta-feira (15) sobre a implanta\u00e7\u00e3o de um Sistema Nacional de Finan\u00e7as Solid\u00e1rias no Brasil, tema de um dos eixos da Economia Solid\u00e1ria. O deputado Carlos Veras (PT-PE) sugeriu o debate. Ele considera primordial [&hellip;]<\/p>\n","protected":false},"author":0,"featured_media":0,"comment_status":"open","ping_status":"open","sticky":false,"template":"","format":"standard","meta":{"footnotes":""},"categories":[1],"tags":[],"_links":{"self":[{"href":"https:\/\/jeffersonisac.adv.br\/index.php\/wp-json\/wp\/v2\/posts\/5899"}],"collection":[{"href":"https:\/\/jeffersonisac.adv.br\/index.php\/wp-json\/wp\/v2\/posts"}],"about":[{"href":"https:\/\/jeffersonisac.adv.br\/index.php\/wp-json\/wp\/v2\/types\/post"}],"replies":[{"embeddable":true,"href":"https:\/\/jeffersonisac.adv.br\/index.php\/wp-json\/wp\/v2\/comments?post=5899"}],"version-history":[{"count":0,"href":"https:\/\/jeffersonisac.adv.br\/index.php\/wp-json\/wp\/v2\/posts\/5899\/revisions"}],"wp:attachment":[{"href":"https:\/\/jeffersonisac.adv.br\/index.php\/wp-json\/wp\/v2\/media?parent=5899"}],"wp:term":[{"taxonomy":"category","embeddable":true,"href":"https:\/\/jeffersonisac.adv.br\/index.php\/wp-json\/wp\/v2\/categories?post=5899"},{"taxonomy":"post_tag","embeddable":true,"href":"https:\/\/jeffersonisac.adv.br\/index.php\/wp-json\/wp\/v2\/tags?post=5899"}],"curies":[{"name":"wp","href":"https:\/\/api.w.org\/{rel}","templated":true}]}}