{"id":5915,"date":"2024-05-14T16:12:30","date_gmt":"2024-05-14T19:12:30","guid":{"rendered":"https:\/\/jeffersonisac.adv.br\/index.php\/2024\/05\/14\/projeto-cria-programa-de-protecao-a-grupos-vulneraveis-em-situacao-de-risco-e-desastres\/"},"modified":"2024-05-14T16:12:30","modified_gmt":"2024-05-14T19:12:30","slug":"projeto-cria-programa-de-protecao-a-grupos-vulneraveis-em-situacao-de-risco-e-desastres","status":"publish","type":"post","link":"https:\/\/jeffersonisac.adv.br\/index.php\/2024\/05\/14\/projeto-cria-programa-de-protecao-a-grupos-vulneraveis-em-situacao-de-risco-e-desastres\/","title":{"rendered":"Projeto cria programa de prote\u00e7\u00e3o a grupos vulner\u00e1veis em situa\u00e7\u00e3o de risco e desastres"},"content":{"rendered":"<div class=\"image-container\">\n<div class=\"midia-creditos\"><em>Zeca Ribeiro\/C\u00e2maradosDeputados<\/em><\/div>\n<div class=\"media-wrapper\"><\/div>\n<div class=\"midia-legenda\">Maria do Ros\u00e1rio, a autora do projeto<\/div>\n<\/div>\n<p>O Projeto de Lei 1617\/24 cria um programa de prote\u00e7\u00e3o a crian\u00e7as, adolescentes, idosos e pessoas com defici\u00eancia em situa\u00e7\u00f5es de risco e desastres.\u00a0A iniciativa busca assegurar a prote\u00e7\u00e3o integral do direito a esses cidad\u00e3os para reduzir sua vulnerabilidade, promover sua seguran\u00e7a e bem-estar.<\/p>\n<p>Entre as a\u00e7\u00f5es previstas no programa est\u00e3o:<\/p>\n<p>a cria\u00e7\u00e3o de comit\u00eas para coordenar as a\u00e7\u00f5es de prote\u00e7\u00e3o a esses grupos em situa\u00e7\u00f5es de riscos e desastres, e<br \/>\nlevantamento de informa\u00e7\u00f5es sobre pessoas desses grupos desabrigadas para assegurar acesso a assist\u00eancia e prote\u00e7\u00e3o adequadas.<\/p>\n<p>Um comit\u00ea gestor federal vai coordenar e monitorar as a\u00e7\u00f5es do programa em \u00e2mbito federal e promover a articula\u00e7\u00e3o entre \u00f3rg\u00e3os federais, sociedade civil, setor privado e ag\u00eancias de coopera\u00e7\u00e3o internacional.<\/p>\n<p><strong>Protocolo para situa\u00e7\u00f5es de desastres<\/strong><br \/>\nTodas as a\u00e7\u00f5es do programa devem estar em conformidade com o Protocolo Nacional Conjunto para a Prote\u00e7\u00e3o Integral em Situa\u00e7\u00e3o de Riscos e Desastres.<\/p>\n<p>O protocolo busca subsidiar gestores estaduais, municipais e distritais para garantir par\u00e2metros de atua\u00e7\u00e3o uniformes de prote\u00e7\u00e3o de crian\u00e7as e adolescentes, pessoas idosas e pessoas com defici\u00eancia em situa\u00e7\u00e3o de desastres.<\/p>\n<p><strong>Atua\u00e7\u00e3o intersetorial<\/strong><br \/>\nSegundo a deputada Maria do Ros\u00e1rio (PT-RS), autora da proposta, o programa \u00e9 orientado a uma atua\u00e7\u00e3o intersetorial, envolvendo \u00e1reas como sa\u00fade, assist\u00eancia social, seguran\u00e7a e educa\u00e7\u00e3o. \u201cTrata-se de refor\u00e7ar o compromisso do Estado em assegurar o gozo dos mais b\u00e1sicos direitos a esses grupos em momentos cr\u00edticos\u201d, explicou a parlamentar.<\/p>\n<p>Maria do Ros\u00e1rio lembrou que os desastres naturais causados pelo aquecimento global, crescimento desordenado das cidades, mudan\u00e7as clim\u00e1ticas e a degrada\u00e7\u00e3o do meio ambiente, t\u00eam sido cada vez mais constantes.<\/p>\n<p><strong>Pr\u00f3ximos passos<br \/>\n<\/strong>A proposta ser\u00e1 analisada em <span class=\"termoGlossario\">car\u00e1ter conclusivo<\/span> pelas comiss\u00f5es de Previd\u00eancia, Assist\u00eancia Social, Inf\u00e2ncia, Adolesc\u00eancia e Fam\u00edlia; de Defesa dos Direitos da Pessoa Idosa; de Defesa dos Direitos das Pessoas com Defici\u00eancia; de Finan\u00e7as e Tributa\u00e7\u00e3o; e de Constitui\u00e7\u00e3o e Justi\u00e7a e de Cidadania.<\/p>\n<p><a href=\"https:\/\/www.camara.leg.br\/noticias\/573454-SAIBA-MAIS-SOBRE-A-TRAMITACAO-DE-PROJETOS-DE-LEI\">Saiba mais sobre a tramita\u00e7\u00e3o de projetos de lei<\/a><\/p>","protected":false},"excerpt":{"rendered":"<p>Zeca Ribeiro\/C\u00e2maradosDeputados Maria do Ros\u00e1rio, a autora do projeto O Projeto de Lei 1617\/24 cria um programa de prote\u00e7\u00e3o a crian\u00e7as, adolescentes, idosos e pessoas com defici\u00eancia em situa\u00e7\u00f5es de risco e desastres.\u00a0A iniciativa busca assegurar a prote\u00e7\u00e3o integral do direito a esses cidad\u00e3os para reduzir sua vulnerabilidade, promover sua seguran\u00e7a e bem-estar. Entre as [&hellip;]<\/p>\n","protected":false},"author":0,"featured_media":0,"comment_status":"open","ping_status":"open","sticky":false,"template":"","format":"standard","meta":{"footnotes":""},"categories":[1],"tags":[],"_links":{"self":[{"href":"https:\/\/jeffersonisac.adv.br\/index.php\/wp-json\/wp\/v2\/posts\/5915"}],"collection":[{"href":"https:\/\/jeffersonisac.adv.br\/index.php\/wp-json\/wp\/v2\/posts"}],"about":[{"href":"https:\/\/jeffersonisac.adv.br\/index.php\/wp-json\/wp\/v2\/types\/post"}],"replies":[{"embeddable":true,"href":"https:\/\/jeffersonisac.adv.br\/index.php\/wp-json\/wp\/v2\/comments?post=5915"}],"version-history":[{"count":0,"href":"https:\/\/jeffersonisac.adv.br\/index.php\/wp-json\/wp\/v2\/posts\/5915\/revisions"}],"wp:attachment":[{"href":"https:\/\/jeffersonisac.adv.br\/index.php\/wp-json\/wp\/v2\/media?parent=5915"}],"wp:term":[{"taxonomy":"category","embeddable":true,"href":"https:\/\/jeffersonisac.adv.br\/index.php\/wp-json\/wp\/v2\/categories?post=5915"},{"taxonomy":"post_tag","embeddable":true,"href":"https:\/\/jeffersonisac.adv.br\/index.php\/wp-json\/wp\/v2\/tags?post=5915"}],"curies":[{"name":"wp","href":"https:\/\/api.w.org\/{rel}","templated":true}]}}