{"id":5945,"date":"2024-05-15T14:46:07","date_gmt":"2024-05-15T17:46:07","guid":{"rendered":"https:\/\/jeffersonisac.adv.br\/index.php\/2024\/05\/15\/comissao-aprova-projeto-que-beneficia-escolas-com-computadores-apreendidos\/"},"modified":"2024-05-15T14:46:07","modified_gmt":"2024-05-15T17:46:07","slug":"comissao-aprova-projeto-que-beneficia-escolas-com-computadores-apreendidos","status":"publish","type":"post","link":"https:\/\/jeffersonisac.adv.br\/index.php\/2024\/05\/15\/comissao-aprova-projeto-que-beneficia-escolas-com-computadores-apreendidos\/","title":{"rendered":"Comiss\u00e3o aprova projeto que beneficia escolas com computadores apreendidos"},"content":{"rendered":"<div class=\"image-container\">\n<div class=\"midia-creditos\"><em>Renato Ara\u00fajo\/C\u00e2mara dos Deputados<\/em><\/div>\n<div class=\"media-wrapper\"><\/div>\n<div class=\"midia-legenda\">Socorro Neri recomendou a aprova\u00e7\u00e3o do projeto do Senado, com altera\u00e7\u00f5es<\/div>\n<\/div>\n<p>A Comiss\u00e3o de Educa\u00e7\u00e3o da C\u00e2mara dos Deputados aprovou projeto de lei que destina prioritariamente aos \u00f3rg\u00e3os e entidades da educa\u00e7\u00e3o b\u00e1sica os equipamentos de inform\u00e1tica e celulares apreendidos. Com a medida, as escolas ter\u00e3o prefer\u00eancia para usar equipamentos \u00fateis \u00e0 administra\u00e7\u00e3o ou ao ensino que tenham sido sequestrados pela Justi\u00e7a ou apreendidos.<\/p>\n<p>A relatora, deputada Socorro Neri (PP-AC), recomendou a aprova\u00e7\u00e3o de um substitutivo ao <a class=\"linkProposicao\" href=\"https:\/\/www.camara.leg.br\/noticias\/1017073-projeto-preve-prioridade-das-escolas-no-uso-de-computadores-e-celulares-aprendidos\">Projeto de Lei 2666\/21<\/a>, de autoria do Senado. A deputada excluiu a previs\u00e3o de pagamento de indeniza\u00e7\u00e3o em caso de absolvi\u00e7\u00e3o do dono do equipamento ou extin\u00e7\u00e3o da pena. \u201cAs escolas n\u00e3o ter\u00e3o como arcar com quaisquer tipos de indeniza\u00e7\u00f5es\u201d, disse.<\/p>\n<p>Para Socorro Neri, a pandemia de Covid-19 evidenciou o abismo tecnol\u00f3gico que existe entre as fam\u00edlias brasileiras. Alunos de baixa renda ficaram sem aulas virtuais ou h\u00edbridas por n\u00e3o terem acesso a equipamentos como celulares, tablets e computadores.<\/p>\n<p>\u201cA utiliza\u00e7\u00e3o de tecnologias da informa\u00e7\u00e3o nos processos de aprendizagem \u00e9 um assunto que n\u00e3o se restringe ao per\u00edodo de pandemia. Seus potenciais extrapolam esse contexto, e os equipamentos podem ser \u00fateis em m\u00faltiplas atividades pedag\u00f3gicas\u201d, disse Neri.<\/p>\n<p><strong>Pr\u00f3ximos passos<br \/>\n<\/strong>O PL 2666\/21 ser\u00e1 analisado agora, em <span class=\"termoGlossario\">car\u00e1ter conclusivo<\/span>, nas comiss\u00f5es de Seguran\u00e7a P\u00fablica e Combate ao Crime Organizado; e de Constitui\u00e7\u00e3o e Justi\u00e7a e de Cidadania (CCJ).<\/p>\n<p><a href=\"https:\/\/www.camara.leg.br\/noticias\/573454-SAIBA-MAIS-SOBRE-A-TRAMITACAO-DE-PROJETOS-DE-LEI\">Saiba mais sobre a tramita\u00e7\u00e3o de projetos de lei<\/a><\/p>","protected":false},"excerpt":{"rendered":"<p>Renato Ara\u00fajo\/C\u00e2mara dos Deputados Socorro Neri recomendou a aprova\u00e7\u00e3o do projeto do Senado, com altera\u00e7\u00f5es A Comiss\u00e3o de Educa\u00e7\u00e3o da C\u00e2mara dos Deputados aprovou projeto de lei que destina prioritariamente aos \u00f3rg\u00e3os e entidades da educa\u00e7\u00e3o b\u00e1sica os equipamentos de inform\u00e1tica e celulares apreendidos. Com a medida, as escolas ter\u00e3o prefer\u00eancia para usar equipamentos \u00fateis [&hellip;]<\/p>\n","protected":false},"author":0,"featured_media":0,"comment_status":"open","ping_status":"open","sticky":false,"template":"","format":"standard","meta":{"footnotes":""},"categories":[1],"tags":[],"_links":{"self":[{"href":"https:\/\/jeffersonisac.adv.br\/index.php\/wp-json\/wp\/v2\/posts\/5945"}],"collection":[{"href":"https:\/\/jeffersonisac.adv.br\/index.php\/wp-json\/wp\/v2\/posts"}],"about":[{"href":"https:\/\/jeffersonisac.adv.br\/index.php\/wp-json\/wp\/v2\/types\/post"}],"replies":[{"embeddable":true,"href":"https:\/\/jeffersonisac.adv.br\/index.php\/wp-json\/wp\/v2\/comments?post=5945"}],"version-history":[{"count":0,"href":"https:\/\/jeffersonisac.adv.br\/index.php\/wp-json\/wp\/v2\/posts\/5945\/revisions"}],"wp:attachment":[{"href":"https:\/\/jeffersonisac.adv.br\/index.php\/wp-json\/wp\/v2\/media?parent=5945"}],"wp:term":[{"taxonomy":"category","embeddable":true,"href":"https:\/\/jeffersonisac.adv.br\/index.php\/wp-json\/wp\/v2\/categories?post=5945"},{"taxonomy":"post_tag","embeddable":true,"href":"https:\/\/jeffersonisac.adv.br\/index.php\/wp-json\/wp\/v2\/tags?post=5945"}],"curies":[{"name":"wp","href":"https:\/\/api.w.org\/{rel}","templated":true}]}}