{"id":5997,"date":"2024-05-17T13:40:52","date_gmt":"2024-05-17T16:40:52","guid":{"rendered":"https:\/\/jeffersonisac.adv.br\/index.php\/2024\/05\/17\/comissao-debate-medidas-para-efetivar-o-ensino-da-historia-da-africa-previsto-em-lei-ha-20-anos\/"},"modified":"2024-05-17T13:40:52","modified_gmt":"2024-05-17T16:40:52","slug":"comissao-debate-medidas-para-efetivar-o-ensino-da-historia-da-africa-previsto-em-lei-ha-20-anos","status":"publish","type":"post","link":"https:\/\/jeffersonisac.adv.br\/index.php\/2024\/05\/17\/comissao-debate-medidas-para-efetivar-o-ensino-da-historia-da-africa-previsto-em-lei-ha-20-anos\/","title":{"rendered":"Comiss\u00e3o debate medidas para efetivar o ensino da hist\u00f3ria da \u00c1frica, previsto em lei h\u00e1 20 anos"},"content":{"rendered":"<div class=\"image-container\">\n<div class=\"midia-creditos\"><em>Will Shutter \/ C\u00e2mara dos Deputados<\/em><\/div>\n<div class=\"media-wrapper\"><\/div>\n<div class=\"midia-legenda\">A deputada Carol Dartora sugeriu o debate<\/div>\n<\/div>\n<p>A Comiss\u00e3o de Educa\u00e7\u00e3o da C\u00e2mara dos Deputados debate, nesta ter\u00e7a-feira (21), \u00e0s 10 horas, os desafios para efetivar o ensino da hist\u00f3ria da \u00c1frica, previsto na <a class=\"linkLegislacao\" href=\"https:\/\/www2.camara.gov.br\/legin\/fed\/lei\/2003\/lei-10639-9-janeiro-2003-493157-norma-pl.html\">Lei 10.639\/03<\/a>. O debate foi sugerido pela deputada Carol Dartora (PT-PR).<\/p>\n<p>A deputada explica que a lei que incluiu no curr\u00edculo das escolas brasileiras a tem\u00e1tica &#8220;Hist\u00f3ria e Cultura Afro-Brasileira&#8221; completou 20 anos sem que os avan\u00e7os propostos estejam plenamente efetivados.<\/p>\n<p>&#8220;Relat\u00f3rio recente do Geled\u00e9s Instituto da Mulher Negra e Instituto Alana, apontam que, de 1.187 secretarias municipais de educa\u00e7\u00e3o, 71% realizam pouca ou nenhuma a\u00e7\u00e3o para efetividade da lei&#8221;, afirma.<\/p>\n<p>Ela aponta que houve uma precariza\u00e7\u00e3o nas estruturas do Minist\u00e9rio da Educa\u00e7\u00e3o no governo anterior. &#8220;Tornou-se ainda mais dif\u00edcil a efetiva\u00e7\u00e3o desta pol\u00edtica p\u00fablica de suma import\u00e2ncia para a efetiva\u00e7\u00e3o da educa\u00e7\u00e3o afro-brasileira, para as rela\u00e7\u00f5es \u00e9tnico raciais e que combate diretamente o racismo estrutural e estruturante no Pa\u00eds&#8221;, afirma.<\/p>\n<p><a href=\"https:\/\/www.camara.leg.br\/evento-legislativo\/72723\">Veja a rela\u00e7\u00e3o de convidados<\/a><\/p>\n<p>O plen\u00e1rio para a realiza\u00e7\u00e3o do debate ainda n\u00e3o foi definido.<\/p>","protected":false},"excerpt":{"rendered":"<p>Will Shutter \/ C\u00e2mara dos Deputados A deputada Carol Dartora sugeriu o debate A Comiss\u00e3o de Educa\u00e7\u00e3o da C\u00e2mara dos Deputados debate, nesta ter\u00e7a-feira (21), \u00e0s 10 horas, os desafios para efetivar o ensino da hist\u00f3ria da \u00c1frica, previsto na Lei 10.639\/03. O debate foi sugerido pela deputada Carol Dartora (PT-PR). A deputada explica que [&hellip;]<\/p>\n","protected":false},"author":0,"featured_media":0,"comment_status":"open","ping_status":"open","sticky":false,"template":"","format":"standard","meta":{"footnotes":""},"categories":[1],"tags":[],"_links":{"self":[{"href":"https:\/\/jeffersonisac.adv.br\/index.php\/wp-json\/wp\/v2\/posts\/5997"}],"collection":[{"href":"https:\/\/jeffersonisac.adv.br\/index.php\/wp-json\/wp\/v2\/posts"}],"about":[{"href":"https:\/\/jeffersonisac.adv.br\/index.php\/wp-json\/wp\/v2\/types\/post"}],"replies":[{"embeddable":true,"href":"https:\/\/jeffersonisac.adv.br\/index.php\/wp-json\/wp\/v2\/comments?post=5997"}],"version-history":[{"count":0,"href":"https:\/\/jeffersonisac.adv.br\/index.php\/wp-json\/wp\/v2\/posts\/5997\/revisions"}],"wp:attachment":[{"href":"https:\/\/jeffersonisac.adv.br\/index.php\/wp-json\/wp\/v2\/media?parent=5997"}],"wp:term":[{"taxonomy":"category","embeddable":true,"href":"https:\/\/jeffersonisac.adv.br\/index.php\/wp-json\/wp\/v2\/categories?post=5997"},{"taxonomy":"post_tag","embeddable":true,"href":"https:\/\/jeffersonisac.adv.br\/index.php\/wp-json\/wp\/v2\/tags?post=5997"}],"curies":[{"name":"wp","href":"https:\/\/api.w.org\/{rel}","templated":true}]}}