{"id":6032,"date":"2024-05-21T09:51:18","date_gmt":"2024-05-21T12:51:18","guid":{"rendered":"https:\/\/jeffersonisac.adv.br\/index.php\/2024\/05\/21\/comissao-debate-documentario-sobre-desaparecimentos-forcados-na-baixada-fluminense\/"},"modified":"2024-05-21T09:51:18","modified_gmt":"2024-05-21T12:51:18","slug":"comissao-debate-documentario-sobre-desaparecimentos-forcados-na-baixada-fluminense","status":"publish","type":"post","link":"https:\/\/jeffersonisac.adv.br\/index.php\/2024\/05\/21\/comissao-debate-documentario-sobre-desaparecimentos-forcados-na-baixada-fluminense\/","title":{"rendered":"Comiss\u00e3o debate document\u00e1rio sobre desaparecimentos for\u00e7ados na Baixada Fluminense"},"content":{"rendered":"<div class=\"image-container\">\n<div class=\"midia-creditos\"><em>Bruno Spada\/C\u00e2mara dos Deputados<\/em><\/div>\n<div class=\"media-wrapper\"><\/div>\n<div class=\"midia-legenda\">Deputado Glauber Braga foi quem pediu o debate<\/div>\n<\/div>\n<p>A <span class=\"termoGlossario\">Comiss\u00e3o de Legisla\u00e7\u00e3o Participativa<\/span> promove debate na pr\u00f3xima quarta-feira (22) sobre o document\u00e1rio <em>Desova<\/em>, que aborda os &#8220;desaparecimentos&#8221; for\u00e7ados na Baixada Fluminense. A reuni\u00e3o ser\u00e1 realizada no plen\u00e1rio 3, \u00e0s 16 horas, e poder\u00e1 ser acompanhada pelo <a href=\"https:\/\/www.youtube.com\/c\/C%C3%A2maradosDeputadosoficial\">canal da C\u00e2mara dos Deputados no YouTube.<\/a><\/p>\n<p><a href=\"https:\/\/www.camara.leg.br\/evento-legislativo\/72944\">Veja quem foi convidado para falar sobre o assunto<\/a><\/p>\n<p>O evento foi proposto pelo presidente da comiss\u00e3o, deputado Glauber Braga (Psol-RJ). &#8220;A pr\u00e1tica do desaparecimento for\u00e7ado, ou seja, do homic\u00eddio doloso seguido de oculta\u00e7\u00e3o\/destrui\u00e7\u00e3o de cad\u00e1ver, vem se tornando uma pr\u00e1tica cada vez mais recorrente, em todas as unidades federativas&#8221;, denuncia o parlamentar.<\/p>\n<p>Braga lembra, apesar de ser signat\u00e1rio de tratados internacionais sobre o assunto, o Brasil n\u00e3o tipificou o crime de desaparecimento for\u00e7ado. O debate, acredita o deputado, pode &#8220;apontar o conjunto de pol\u00edticas p\u00fablicas que precisam ser constru\u00eddas, apoiadas e fortalecidas a fim de se superar esse mal que vem assolando uma parcela crescente da popula\u00e7\u00e3o&#8221;.<\/p>","protected":false},"excerpt":{"rendered":"<p>Bruno Spada\/C\u00e2mara dos Deputados Deputado Glauber Braga foi quem pediu o debate A Comiss\u00e3o de Legisla\u00e7\u00e3o Participativa promove debate na pr\u00f3xima quarta-feira (22) sobre o document\u00e1rio Desova, que aborda os &#8220;desaparecimentos&#8221; for\u00e7ados na Baixada Fluminense. A reuni\u00e3o ser\u00e1 realizada no plen\u00e1rio 3, \u00e0s 16 horas, e poder\u00e1 ser acompanhada pelo canal da C\u00e2mara dos Deputados [&hellip;]<\/p>\n","protected":false},"author":0,"featured_media":0,"comment_status":"open","ping_status":"open","sticky":false,"template":"","format":"standard","meta":{"footnotes":""},"categories":[1],"tags":[],"_links":{"self":[{"href":"https:\/\/jeffersonisac.adv.br\/index.php\/wp-json\/wp\/v2\/posts\/6032"}],"collection":[{"href":"https:\/\/jeffersonisac.adv.br\/index.php\/wp-json\/wp\/v2\/posts"}],"about":[{"href":"https:\/\/jeffersonisac.adv.br\/index.php\/wp-json\/wp\/v2\/types\/post"}],"replies":[{"embeddable":true,"href":"https:\/\/jeffersonisac.adv.br\/index.php\/wp-json\/wp\/v2\/comments?post=6032"}],"version-history":[{"count":0,"href":"https:\/\/jeffersonisac.adv.br\/index.php\/wp-json\/wp\/v2\/posts\/6032\/revisions"}],"wp:attachment":[{"href":"https:\/\/jeffersonisac.adv.br\/index.php\/wp-json\/wp\/v2\/media?parent=6032"}],"wp:term":[{"taxonomy":"category","embeddable":true,"href":"https:\/\/jeffersonisac.adv.br\/index.php\/wp-json\/wp\/v2\/categories?post=6032"},{"taxonomy":"post_tag","embeddable":true,"href":"https:\/\/jeffersonisac.adv.br\/index.php\/wp-json\/wp\/v2\/tags?post=6032"}],"curies":[{"name":"wp","href":"https:\/\/api.w.org\/{rel}","templated":true}]}}