{"id":6048,"date":"2024-05-21T17:01:25","date_gmt":"2024-05-21T20:01:25","guid":{"rendered":"https:\/\/jeffersonisac.adv.br\/index.php\/2024\/05\/21\/comissao-debate-impactos-sociais-da-reforma-tributaria-na-quinta-feira\/"},"modified":"2024-05-21T17:01:25","modified_gmt":"2024-05-21T20:01:25","slug":"comissao-debate-impactos-sociais-da-reforma-tributaria-na-quinta-feira","status":"publish","type":"post","link":"https:\/\/jeffersonisac.adv.br\/index.php\/2024\/05\/21\/comissao-debate-impactos-sociais-da-reforma-tributaria-na-quinta-feira\/","title":{"rendered":"Comiss\u00e3o debate impactos sociais da reforma tribut\u00e1ria na quinta-feira"},"content":{"rendered":"<div class=\"image-container\">\n<div class=\"midia-creditos\"><em>Zeca Ribeiro \/ C\u00e2mara dos Deputados<\/em><\/div>\n<div class=\"media-wrapper\"><\/div>\n<div class=\"midia-legenda\">A audi\u00eancia p\u00fablica foi solicitada pela deputada Erika Kokay<\/div>\n<\/div>\n<p>A Comiss\u00e3o de Direitos Humanos, Minorias e Igualdade Racial da C\u00e2mara dos Deputados promove na quinta-feira (23) audi\u00eancia p\u00fablica sobre o tema &#8220;Em defesa da Reforma Tribut\u00e1ria 3S: Saud\u00e1vel, Solid\u00e1ria e Sustent\u00e1vel&#8221;.<\/p>\n<p>O evento foi solicitado pela deputada Erika Kokay (PT-DF). &#8220;A proposta impactar\u00e1 a vida dos brasileiros em diversos aspectos, dentre eles: social, meio ambiente e sa\u00fade. \u00c9 de extrema import\u00e2ncia discutir e observar tais aspectos visando melhorar a qualidade de vida da popula\u00e7\u00e3o, reduzir as externalidades negativas e garantir o acesso a direitos humanos fundamentais&#8221;, disse a deputada.<\/p>\n<p><a href=\"https:\/\/www.camara.leg.br\/evento-legislativo\/72911\">Confira aqui a pauta do evento e a lista dos convidados<\/a><\/p>\n<p>A audi\u00eancia p\u00fablica ser\u00e1 realizada \u00e0s 15 horas, no plen\u00e1rio 9.<\/p>","protected":false},"excerpt":{"rendered":"<p>Zeca Ribeiro \/ C\u00e2mara dos Deputados A audi\u00eancia p\u00fablica foi solicitada pela deputada Erika Kokay A Comiss\u00e3o de Direitos Humanos, Minorias e Igualdade Racial da C\u00e2mara dos Deputados promove na quinta-feira (23) audi\u00eancia p\u00fablica sobre o tema &#8220;Em defesa da Reforma Tribut\u00e1ria 3S: Saud\u00e1vel, Solid\u00e1ria e Sustent\u00e1vel&#8221;. O evento foi solicitado pela deputada Erika Kokay [&hellip;]<\/p>\n","protected":false},"author":0,"featured_media":0,"comment_status":"open","ping_status":"open","sticky":false,"template":"","format":"standard","meta":{"footnotes":""},"categories":[1],"tags":[],"_links":{"self":[{"href":"https:\/\/jeffersonisac.adv.br\/index.php\/wp-json\/wp\/v2\/posts\/6048"}],"collection":[{"href":"https:\/\/jeffersonisac.adv.br\/index.php\/wp-json\/wp\/v2\/posts"}],"about":[{"href":"https:\/\/jeffersonisac.adv.br\/index.php\/wp-json\/wp\/v2\/types\/post"}],"replies":[{"embeddable":true,"href":"https:\/\/jeffersonisac.adv.br\/index.php\/wp-json\/wp\/v2\/comments?post=6048"}],"version-history":[{"count":0,"href":"https:\/\/jeffersonisac.adv.br\/index.php\/wp-json\/wp\/v2\/posts\/6048\/revisions"}],"wp:attachment":[{"href":"https:\/\/jeffersonisac.adv.br\/index.php\/wp-json\/wp\/v2\/media?parent=6048"}],"wp:term":[{"taxonomy":"category","embeddable":true,"href":"https:\/\/jeffersonisac.adv.br\/index.php\/wp-json\/wp\/v2\/categories?post=6048"},{"taxonomy":"post_tag","embeddable":true,"href":"https:\/\/jeffersonisac.adv.br\/index.php\/wp-json\/wp\/v2\/tags?post=6048"}],"curies":[{"name":"wp","href":"https:\/\/api.w.org\/{rel}","templated":true}]}}