{"id":6141,"date":"2024-05-24T18:51:49","date_gmt":"2024-05-24T21:51:49","guid":{"rendered":"https:\/\/jeffersonisac.adv.br\/index.php\/2024\/05\/24\/comissao-aprova-proposta-que-preve-adesao-ao-simples-nacional-em-janeiro-ou-julho\/"},"modified":"2024-05-24T18:51:49","modified_gmt":"2024-05-24T21:51:49","slug":"comissao-aprova-proposta-que-preve-adesao-ao-simples-nacional-em-janeiro-ou-julho","status":"publish","type":"post","link":"https:\/\/jeffersonisac.adv.br\/index.php\/2024\/05\/24\/comissao-aprova-proposta-que-preve-adesao-ao-simples-nacional-em-janeiro-ou-julho\/","title":{"rendered":"Comiss\u00e3o aprova proposta que prev\u00ea ades\u00e3o ao Simples Nacional em janeiro ou julho"},"content":{"rendered":"<div class=\"image-container\">\n<div class=\"midia-creditos\"><em>M\u00e1rio Agra\/C\u00e2mara dos Deputados<\/em><\/div>\n<div class=\"media-wrapper\"><\/div>\n<div class=\"midia-legenda\">Texto aprovado \u00e9 o substitutivo do relator, Vitor Lippi<\/div>\n<\/div>\n<p>A Comiss\u00e3o de Ind\u00fastria, Com\u00e9rcio e Servi\u00e7os da C\u00e2mara dos Deputados aprovou proposta pela qual o empres\u00e1rio optar\u00e1 pelo Simples Nacional nos meses de janeiro ou de julho. O texto altera o <a href=\"https:\/\/www2.camara.leg.br\/legin\/fed\/leicom\/2006\/leicomplementar-123-14-dezembro-2006-548099-norma-pl.html\">Estatuto da Micro e Pequena Empresa<\/a>.<\/p>\n<p>Foi aprovado o <span class=\"termoGlossario\">substitutivo<\/span> do relator, deputado Vitor Lippi (PSDB-SP), para o <a class=\"linkProposicao\" href=\"https:\/\/www.camara.leg.br\/noticias\/1035628-proposta-preve-opcao-pelo-simples-nacional-em-janeiro-e-em-julho\">Projeto de Lei Complementar (PLP) 228\/23<\/a>, da Comiss\u00e3o de Legisla\u00e7\u00e3o Participativa. Hoje, a op\u00e7\u00e3o pelo Simples Nacional s\u00f3 pode ser feita em janeiro.<\/p>\n<p>\u201cO substitutivo, al\u00e9m de resguardar esse novo per\u00edodo de ades\u00e3o ao Simples Nacional, indica a relev\u00e2ncia de se observar os crit\u00e9rios do regime e a quita\u00e7\u00e3o de d\u00e9bitos para a regular inscri\u00e7\u00e3o\u201d, explicou Vitor Lippi no parecer aprovado.<\/p>\n<p>O Simples Nacional \u00e9 um regime tribut\u00e1rio diferenciado para micro e pequenas empresas. Consiste na apura\u00e7\u00e3o unificada de tributos, com al\u00edquota vari\u00e1vel de 4,0% a 17,42% sobre a receita bruta e conforme a atividade e o faturamento.<\/p>\n<p><strong>Pr\u00f3ximos passos<\/strong><br \/>\nO projeto ainda ser\u00e1 analisado pelas comiss\u00f5es de Finan\u00e7as e Tributa\u00e7\u00e3o e de Constitui\u00e7\u00e3o e Justi\u00e7a e de Cidadania. Depois seguir\u00e1 para o Plen\u00e1rio.<\/p>\n<p><a href=\"https:\/\/www.camara.leg.br\/noticias\/573454-SAIBA-MAIS-SOBRE-A-TRAMITACAO-DE-PROJETOS-DE-LEI\">Saiba mais sobre a tramita\u00e7\u00e3o de projetos de lei<\/a><\/p>","protected":false},"excerpt":{"rendered":"<p>M\u00e1rio Agra\/C\u00e2mara dos Deputados Texto aprovado \u00e9 o substitutivo do relator, Vitor Lippi A Comiss\u00e3o de Ind\u00fastria, Com\u00e9rcio e Servi\u00e7os da C\u00e2mara dos Deputados aprovou proposta pela qual o empres\u00e1rio optar\u00e1 pelo Simples Nacional nos meses de janeiro ou de julho. O texto altera o Estatuto da Micro e Pequena Empresa. Foi aprovado o substitutivo [&hellip;]<\/p>\n","protected":false},"author":0,"featured_media":0,"comment_status":"open","ping_status":"open","sticky":false,"template":"","format":"standard","meta":{"footnotes":""},"categories":[1],"tags":[],"_links":{"self":[{"href":"https:\/\/jeffersonisac.adv.br\/index.php\/wp-json\/wp\/v2\/posts\/6141"}],"collection":[{"href":"https:\/\/jeffersonisac.adv.br\/index.php\/wp-json\/wp\/v2\/posts"}],"about":[{"href":"https:\/\/jeffersonisac.adv.br\/index.php\/wp-json\/wp\/v2\/types\/post"}],"replies":[{"embeddable":true,"href":"https:\/\/jeffersonisac.adv.br\/index.php\/wp-json\/wp\/v2\/comments?post=6141"}],"version-history":[{"count":0,"href":"https:\/\/jeffersonisac.adv.br\/index.php\/wp-json\/wp\/v2\/posts\/6141\/revisions"}],"wp:attachment":[{"href":"https:\/\/jeffersonisac.adv.br\/index.php\/wp-json\/wp\/v2\/media?parent=6141"}],"wp:term":[{"taxonomy":"category","embeddable":true,"href":"https:\/\/jeffersonisac.adv.br\/index.php\/wp-json\/wp\/v2\/categories?post=6141"},{"taxonomy":"post_tag","embeddable":true,"href":"https:\/\/jeffersonisac.adv.br\/index.php\/wp-json\/wp\/v2\/tags?post=6141"}],"curies":[{"name":"wp","href":"https:\/\/api.w.org\/{rel}","templated":true}]}}