{"id":6161,"date":"2024-05-28T07:54:46","date_gmt":"2024-05-28T10:54:46","guid":{"rendered":"https:\/\/jeffersonisac.adv.br\/index.php\/2024\/05\/28\/comissao-da-camara-dos-deputados-discute-andamento-de-obras-em-rodovias-da-bahia\/"},"modified":"2024-05-28T07:54:46","modified_gmt":"2024-05-28T10:54:46","slug":"comissao-da-camara-dos-deputados-discute-andamento-de-obras-em-rodovias-da-bahia","status":"publish","type":"post","link":"https:\/\/jeffersonisac.adv.br\/index.php\/2024\/05\/28\/comissao-da-camara-dos-deputados-discute-andamento-de-obras-em-rodovias-da-bahia\/","title":{"rendered":"Comiss\u00e3o da C\u00e2mara dos Deputados discute andamento de obras em rodovias da Bahia"},"content":{"rendered":"<div class=\"image-container\">\n<div class=\"midia-creditos\"><em>Zeca Ribeiro\/C\u00e2mara dos Deputados<\/em><\/div>\n<div class=\"media-wrapper\"><\/div>\n<div class=\"midia-legenda\">Jorge Solla, autor do requerimento da audi\u00eancia p\u00fablica<\/div>\n<\/div>\n<p>A Comiss\u00e3o de Fiscaliza\u00e7\u00e3o Financeira e Controle da C\u00e2mara dos Deputados discute nesta ter\u00e7a-feira (28) o andamento das obras de duplica\u00e7\u00e3o da BR-101 e de pavimenta\u00e7\u00e3o da BR-030, ambas em trechos localizados na Bahia.<\/p>\n<p><a href=\"https:\/\/www.camara.leg.br\/evento-legislativo\/73084\">Confira a lista de convidados<\/a><\/p>\n<p>O debate atende a pedido do deputado Jorge Solla (PT-BA). Ele lembra que a BR-101 passa por 12 estados litor\u00e2neos, indo do Rio Grande do Sul at\u00e9 o Rio Grande do Norte. A via \u00e9 duplicada em alguns pontos, mas n\u00e3o na Bahia.<\/p>\n<p>Segundo o parlamentar, a ordem de servi\u00e7o foi assinada em 2014, mas at\u00e9 hoje o projeto n\u00e3o foi conclu\u00eddo. &#8220;Informa\u00e7\u00f5es recentes d\u00e3o conta de que o trecho norte, entre o munic\u00edpio de Feira de Santana (BA) e Sergipe, est\u00e1 paralisado&#8221;, exemplifica.<\/p>\n<p><strong>BR-030<\/strong><br \/>\nEm rela\u00e7\u00e3o \u00e0 BR-030, Jorge Solla destaca que o Minist\u00e9rio dos Transportes anunciou, em 2023, o in\u00edcio das obras de pavimenta\u00e7\u00e3o asf\u00e1ltica, no trecho entre Ubaitaba e a Pen\u00ednsula de Mara\u00fa. &#8220;H\u00e1 anos, a popula\u00e7\u00e3o desses munic\u00edpios e os que por ali trafegam sofrem com 77 km de trechos prec\u00e1rios, sem asfalto&#8221;, aponta.<\/p>\n<p>A BR-030 se inicia no Distrito Federal, passa por Goi\u00e1s e Minas Gerais e corta a Bahia entre as regi\u00f5es leste e oeste do estado. &#8220;\u00c9 uma via utilizada no escoamento de gr\u00e3os e minerais, al\u00e9m de servir de acesso \u00e0s praias do baixo sul baiano, importante rota tur\u00edstica&#8221;, informa o deputado.<\/p>\n<p>A audi\u00eancia ser\u00e1 realizada no plen\u00e1rio 9, \u00e0s 10 horas.<\/p>","protected":false},"excerpt":{"rendered":"<p>Zeca Ribeiro\/C\u00e2mara dos Deputados Jorge Solla, autor do requerimento da audi\u00eancia p\u00fablica A Comiss\u00e3o de Fiscaliza\u00e7\u00e3o Financeira e Controle da C\u00e2mara dos Deputados discute nesta ter\u00e7a-feira (28) o andamento das obras de duplica\u00e7\u00e3o da BR-101 e de pavimenta\u00e7\u00e3o da BR-030, ambas em trechos localizados na Bahia. Confira a lista de convidados O debate atende a [&hellip;]<\/p>\n","protected":false},"author":0,"featured_media":0,"comment_status":"open","ping_status":"open","sticky":false,"template":"","format":"standard","meta":{"footnotes":""},"categories":[1],"tags":[],"_links":{"self":[{"href":"https:\/\/jeffersonisac.adv.br\/index.php\/wp-json\/wp\/v2\/posts\/6161"}],"collection":[{"href":"https:\/\/jeffersonisac.adv.br\/index.php\/wp-json\/wp\/v2\/posts"}],"about":[{"href":"https:\/\/jeffersonisac.adv.br\/index.php\/wp-json\/wp\/v2\/types\/post"}],"replies":[{"embeddable":true,"href":"https:\/\/jeffersonisac.adv.br\/index.php\/wp-json\/wp\/v2\/comments?post=6161"}],"version-history":[{"count":0,"href":"https:\/\/jeffersonisac.adv.br\/index.php\/wp-json\/wp\/v2\/posts\/6161\/revisions"}],"wp:attachment":[{"href":"https:\/\/jeffersonisac.adv.br\/index.php\/wp-json\/wp\/v2\/media?parent=6161"}],"wp:term":[{"taxonomy":"category","embeddable":true,"href":"https:\/\/jeffersonisac.adv.br\/index.php\/wp-json\/wp\/v2\/categories?post=6161"},{"taxonomy":"post_tag","embeddable":true,"href":"https:\/\/jeffersonisac.adv.br\/index.php\/wp-json\/wp\/v2\/tags?post=6161"}],"curies":[{"name":"wp","href":"https:\/\/api.w.org\/{rel}","templated":true}]}}