{"id":6173,"date":"2024-05-28T15:11:53","date_gmt":"2024-05-28T18:11:53","guid":{"rendered":"https:\/\/jeffersonisac.adv.br\/index.php\/2024\/05\/28\/comissao-debate-o-papel-social-da-energia-solar-na-transicao-energetica-justa\/"},"modified":"2024-05-28T15:11:53","modified_gmt":"2024-05-28T18:11:53","slug":"comissao-debate-o-papel-social-da-energia-solar-na-transicao-energetica-justa","status":"publish","type":"post","link":"https:\/\/jeffersonisac.adv.br\/index.php\/2024\/05\/28\/comissao-debate-o-papel-social-da-energia-solar-na-transicao-energetica-justa\/","title":{"rendered":"Comiss\u00e3o debate o papel social da energia solar na transi\u00e7\u00e3o energ\u00e9tica justa"},"content":{"rendered":"<div class=\"image-container\">\n<div class=\"midia-creditos\"><em>Depositphotos<\/em><\/div>\n<div class=\"media-wrapper\"><\/div>\n<div class=\"midia-legenda\">Justi\u00e7a deve ser prioridade na transi\u00e7\u00e3o energ\u00e9tica, avalia deputado<\/div>\n<\/div>\n<p>A Comiss\u00e3o de Minas e Energia da C\u00e2mara dos Deputados debate nesta quarta-feira (29), \u00e0s 10 horas, o papel social da energia solar na transi\u00e7\u00e3o energ\u00e9tica justa. O debate ser\u00e1 realizado no plen\u00e1rio 14 e foi solicitado pelo deputado Bandeira de Mello (PSB-RJ).<\/p>\n<p><a href=\"https:\/\/www.camara.leg.br\/evento-legislativo\/72962\">Veja a lista de convidados<\/a><\/p>\n<p>O parlamentar destaca que a transi\u00e7\u00e3o energ\u00e9tica ecol\u00f3gica e justa \u00e9 cada vez mais vista como um dos principais objetivos do Pa\u00eds.\u00a0 &#8220;A proposta da audi\u00eancia \u00e9 informar sobre as pol\u00edticas de garantia de acesso e qualidade \u2013 como a tarifa\u00e7\u00e3o progressiva\/social \u2013, e de efici\u00eancia energ\u00e9tica \u2013 em especial solar social e acesso a equipamentos eficientes\u201a a partir de dados e depoimentos concretos, diversos e contundentes&#8221;, afirma o deputado.<\/p>\n<p>Para Bandeira de Mello, a debate \u00e9 oportuno dado que est\u00e1 aberta a janela de revis\u00e3o das distribuidoras e dos contratos de concess\u00f5es, e tendo em vista a escolha do Brasil como sede do G20 neste ano e a prepara\u00e7\u00e3o para a COP30 brasileira em 2025.<\/p>","protected":false},"excerpt":{"rendered":"<p>Depositphotos Justi\u00e7a deve ser prioridade na transi\u00e7\u00e3o energ\u00e9tica, avalia deputado A Comiss\u00e3o de Minas e Energia da C\u00e2mara dos Deputados debate nesta quarta-feira (29), \u00e0s 10 horas, o papel social da energia solar na transi\u00e7\u00e3o energ\u00e9tica justa. O debate ser\u00e1 realizado no plen\u00e1rio 14 e foi solicitado pelo deputado Bandeira de Mello (PSB-RJ). Veja a [&hellip;]<\/p>\n","protected":false},"author":0,"featured_media":0,"comment_status":"open","ping_status":"open","sticky":false,"template":"","format":"standard","meta":{"footnotes":""},"categories":[1],"tags":[],"_links":{"self":[{"href":"https:\/\/jeffersonisac.adv.br\/index.php\/wp-json\/wp\/v2\/posts\/6173"}],"collection":[{"href":"https:\/\/jeffersonisac.adv.br\/index.php\/wp-json\/wp\/v2\/posts"}],"about":[{"href":"https:\/\/jeffersonisac.adv.br\/index.php\/wp-json\/wp\/v2\/types\/post"}],"replies":[{"embeddable":true,"href":"https:\/\/jeffersonisac.adv.br\/index.php\/wp-json\/wp\/v2\/comments?post=6173"}],"version-history":[{"count":0,"href":"https:\/\/jeffersonisac.adv.br\/index.php\/wp-json\/wp\/v2\/posts\/6173\/revisions"}],"wp:attachment":[{"href":"https:\/\/jeffersonisac.adv.br\/index.php\/wp-json\/wp\/v2\/media?parent=6173"}],"wp:term":[{"taxonomy":"category","embeddable":true,"href":"https:\/\/jeffersonisac.adv.br\/index.php\/wp-json\/wp\/v2\/categories?post=6173"},{"taxonomy":"post_tag","embeddable":true,"href":"https:\/\/jeffersonisac.adv.br\/index.php\/wp-json\/wp\/v2\/tags?post=6173"}],"curies":[{"name":"wp","href":"https:\/\/api.w.org\/{rel}","templated":true}]}}