{"id":6174,"date":"2024-05-28T15:11:53","date_gmt":"2024-05-28T18:11:53","guid":{"rendered":"https:\/\/jeffersonisac.adv.br\/index.php\/2024\/05\/28\/congresso-inicia-sessao-para-analise-de-vetos-acompanhe\/"},"modified":"2024-05-28T15:11:53","modified_gmt":"2024-05-28T18:11:53","slug":"congresso-inicia-sessao-para-analise-de-vetos-acompanhe","status":"publish","type":"post","link":"https:\/\/jeffersonisac.adv.br\/index.php\/2024\/05\/28\/congresso-inicia-sessao-para-analise-de-vetos-acompanhe\/","title":{"rendered":"Congresso inicia sess\u00e3o para an\u00e1lise de vetos; acompanhe"},"content":{"rendered":"<div class=\"image-container\">\n<div class=\"midia-creditos\"><em>Zeca Ribeiro\/C\u00e2mara dos Deputados<\/em><\/div>\n<div class=\"media-wrapper\"><\/div>\n<div class=\"midia-legenda\">Sess\u00e3o do Congresso Nacional<\/div>\n<\/div>\n<p>O Congresso Nacional analisa neste momento v\u00e1rios vetos a projetos de lei. O presidente do Congresso, Rodrigo Pacheco, informou que as lideran\u00e7as do governo e da oposi\u00e7\u00e3o decidiram adiar a vota\u00e7\u00e3o de alguns temas para uma pr\u00f3xima sess\u00e3o do Parlamento.<\/p>\n<p>Entre os temas adiados est\u00e3o os vetos sobre reserva legal (Veto 9\/23), sobre flexibiliza\u00e7\u00e3o de registros de agrot\u00f3xicos (Veto 47\/23), sobre a retomada do programa Minha Casa, Minha Vida (Veto 18\/23) e sobre despacho gratuito de bagagem (Veto 30\/22).<\/p>\n<p>Vetos como \u00e0s restri\u00e7\u00f5es \u00e0 sa\u00edda tempor\u00e1ria de presos no regime semiaberto (veto 8\/24) e a dispositivos da Lei de Seguran\u00e7a Nacional (Veto 46\/21) continuam na pauta.<\/p>\n<p>Os partidos tentam fechar agora um acordo sobre quais vetos seriam derrubados ou mantidos por meio de c\u00e9dula eletr\u00f4nica e quais ser\u00e3o decididos por meio de vota\u00e7\u00e3o no painel eletr\u00f4nico com orienta\u00e7\u00f5es divergentes<\/p>","protected":false},"excerpt":{"rendered":"<p>Zeca Ribeiro\/C\u00e2mara dos Deputados Sess\u00e3o do Congresso Nacional O Congresso Nacional analisa neste momento v\u00e1rios vetos a projetos de lei. O presidente do Congresso, Rodrigo Pacheco, informou que as lideran\u00e7as do governo e da oposi\u00e7\u00e3o decidiram adiar a vota\u00e7\u00e3o de alguns temas para uma pr\u00f3xima sess\u00e3o do Parlamento. Entre os temas adiados est\u00e3o os vetos [&hellip;]<\/p>\n","protected":false},"author":0,"featured_media":0,"comment_status":"open","ping_status":"open","sticky":false,"template":"","format":"standard","meta":{"footnotes":""},"categories":[1],"tags":[],"_links":{"self":[{"href":"https:\/\/jeffersonisac.adv.br\/index.php\/wp-json\/wp\/v2\/posts\/6174"}],"collection":[{"href":"https:\/\/jeffersonisac.adv.br\/index.php\/wp-json\/wp\/v2\/posts"}],"about":[{"href":"https:\/\/jeffersonisac.adv.br\/index.php\/wp-json\/wp\/v2\/types\/post"}],"replies":[{"embeddable":true,"href":"https:\/\/jeffersonisac.adv.br\/index.php\/wp-json\/wp\/v2\/comments?post=6174"}],"version-history":[{"count":0,"href":"https:\/\/jeffersonisac.adv.br\/index.php\/wp-json\/wp\/v2\/posts\/6174\/revisions"}],"wp:attachment":[{"href":"https:\/\/jeffersonisac.adv.br\/index.php\/wp-json\/wp\/v2\/media?parent=6174"}],"wp:term":[{"taxonomy":"category","embeddable":true,"href":"https:\/\/jeffersonisac.adv.br\/index.php\/wp-json\/wp\/v2\/categories?post=6174"},{"taxonomy":"post_tag","embeddable":true,"href":"https:\/\/jeffersonisac.adv.br\/index.php\/wp-json\/wp\/v2\/tags?post=6174"}],"curies":[{"name":"wp","href":"https:\/\/api.w.org\/{rel}","templated":true}]}}