{"id":6181,"date":"2024-05-28T22:46:35","date_gmt":"2024-05-29T01:46:35","guid":{"rendered":"https:\/\/jeffersonisac.adv.br\/index.php\/2024\/05\/28\/aprovado-texto-base-de-projeto-que-cria-incentivos-para-descarbonizar-producao-de-veiculos-acompanhe\/"},"modified":"2024-05-28T22:46:35","modified_gmt":"2024-05-29T01:46:35","slug":"aprovado-texto-base-de-projeto-que-cria-incentivos-para-descarbonizar-producao-de-veiculos-acompanhe","status":"publish","type":"post","link":"https:\/\/jeffersonisac.adv.br\/index.php\/2024\/05\/28\/aprovado-texto-base-de-projeto-que-cria-incentivos-para-descarbonizar-producao-de-veiculos-acompanhe\/","title":{"rendered":"Aprovado texto-base de projeto que cria incentivos para descarbonizar produ\u00e7\u00e3o de ve\u00edculos; acompanhe"},"content":{"rendered":"<div class=\"image-container\">\n<div class=\"midia-creditos\"><em>Zeca Ribeiro\/C\u00e2mara dos Deputados<\/em><\/div>\n<div class=\"media-wrapper\"><\/div>\n<div class=\"midia-legenda\">Arthur Lira (C) preside a sess\u00e3o do Plen\u00e1rio nesta ter\u00e7a-feira<\/div>\n<\/div>\n<p>A C\u00e2mara dos Deputados aprovou o texto-base do Projeto de Lei 914\/24, que institui o Programa Mobilidade Verde e Inova\u00e7\u00e3o (Mover). O Plen\u00e1rio come\u00e7a a votar agora os <span class=\"termoGlossario\">destaques<\/span> apresentados pelos partidos na tentativa de mudar trechos do <span class=\"termoGlossario\">substitutivo<\/span> do deputado \u00c1tila Lira (PP-PI).<\/p>\n<p>O projeto prev\u00ea incentivos financeiros de R$ 19,3 bilh\u00f5es em cinco anos e redu\u00e7\u00e3o do Imposto sobre Produtos Industrializados (<span class=\"termoGlossario\">IPI<\/span>) a fim de estimular a pesquisa e o desenvolvimento de solu\u00e7\u00f5es tecnol\u00f3gicas e a produ\u00e7\u00e3o de ve\u00edculos com menor emiss\u00e3o de gases do efeito estufa.<\/p>\n<p>De autoria do Poder Executivo, o projeto \u00e9 igual \u00e0 Medida Provis\u00f3ria 1205\/24. Um decreto presidencial e uma portaria do Minist\u00e9rio do Desenvolvimento, Ind\u00fastria, Com\u00e9rcio e Servi\u00e7os j\u00e1 regulamentaram o tema quanto \u00e0 redu\u00e7\u00e3o do IPI e \u00e0 habilita\u00e7\u00e3o dos projetos das ind\u00fastrias e montadoras do setor para acessar os incentivos financeiros, or\u00e7ados em R$ 3,5 bilh\u00f5es para 2024.<\/p>\n<p><strong>Pequenas importa\u00e7\u00f5es<\/strong><br \/>\nQuanto \u00e0 taxa\u00e7\u00e3o de produtos importados at\u00e9 50 d\u00f3lares, \u00c1tila Lira acrescentou uma solu\u00e7\u00e3o intermedi\u00e1ria em seu texto.<\/p>\n<p>Em agosto do ano passado, no \u00e2mbito do programa Remessa Conforme, o governo federal isentou de Imposto de Importa\u00e7\u00e3o compras internacionais de pessoas f\u00edsicas abaixo de 50 d\u00f3lares (cerca de R$ 255), no caso de empresa que aderir ao programa, uma esp\u00e9cie de plano de conformidade que regularizou essas transa\u00e7\u00f5es.<\/p>\n<p>Ap\u00f3s negocia\u00e7\u00f5es nas \u00faltimas semanas, o relator prop\u00f5e uma taxa\u00e7\u00e3o de 20% de Imposto de Importa\u00e7\u00e3o sobre as mercadorias importadas de at\u00e9 50 d\u00f3lares. Acima deste valor e at\u00e9 3 mil d\u00f3lares (cerca de R$ 16.500,00) o imposto seria de 60%, com desconto de 20 d\u00f3lares do tributo a pagar (cerca de R$ 110,00).<\/p>\n<p><strong>Mais informa\u00e7\u00f5es em instantes<\/strong><\/p>\n<p><a href=\"https:\/\/www.youtube.com\/watch?v=8eMWDxdJl1M\">Assista ao vivo<\/a><\/p>","protected":false},"excerpt":{"rendered":"<p>Zeca Ribeiro\/C\u00e2mara dos Deputados Arthur Lira (C) preside a sess\u00e3o do Plen\u00e1rio nesta ter\u00e7a-feira A C\u00e2mara dos Deputados aprovou o texto-base do Projeto de Lei 914\/24, que institui o Programa Mobilidade Verde e Inova\u00e7\u00e3o (Mover). O Plen\u00e1rio come\u00e7a a votar agora os destaques apresentados pelos partidos na tentativa de mudar trechos do substitutivo do deputado [&hellip;]<\/p>\n","protected":false},"author":0,"featured_media":0,"comment_status":"open","ping_status":"open","sticky":false,"template":"","format":"standard","meta":{"footnotes":""},"categories":[1],"tags":[],"_links":{"self":[{"href":"https:\/\/jeffersonisac.adv.br\/index.php\/wp-json\/wp\/v2\/posts\/6181"}],"collection":[{"href":"https:\/\/jeffersonisac.adv.br\/index.php\/wp-json\/wp\/v2\/posts"}],"about":[{"href":"https:\/\/jeffersonisac.adv.br\/index.php\/wp-json\/wp\/v2\/types\/post"}],"replies":[{"embeddable":true,"href":"https:\/\/jeffersonisac.adv.br\/index.php\/wp-json\/wp\/v2\/comments?post=6181"}],"version-history":[{"count":0,"href":"https:\/\/jeffersonisac.adv.br\/index.php\/wp-json\/wp\/v2\/posts\/6181\/revisions"}],"wp:attachment":[{"href":"https:\/\/jeffersonisac.adv.br\/index.php\/wp-json\/wp\/v2\/media?parent=6181"}],"wp:term":[{"taxonomy":"category","embeddable":true,"href":"https:\/\/jeffersonisac.adv.br\/index.php\/wp-json\/wp\/v2\/categories?post=6181"},{"taxonomy":"post_tag","embeddable":true,"href":"https:\/\/jeffersonisac.adv.br\/index.php\/wp-json\/wp\/v2\/tags?post=6181"}],"curies":[{"name":"wp","href":"https:\/\/api.w.org\/{rel}","templated":true}]}}