{"id":6192,"date":"2024-05-29T11:51:22","date_gmt":"2024-05-29T14:51:22","guid":{"rendered":"https:\/\/jeffersonisac.adv.br\/index.php\/2024\/05\/29\/audiencia-debate-impactos-da-reforma-tributaria-no-consumo-das-mulheres\/"},"modified":"2024-05-29T11:51:22","modified_gmt":"2024-05-29T14:51:22","slug":"audiencia-debate-impactos-da-reforma-tributaria-no-consumo-das-mulheres","status":"publish","type":"post","link":"https:\/\/jeffersonisac.adv.br\/index.php\/2024\/05\/29\/audiencia-debate-impactos-da-reforma-tributaria-no-consumo-das-mulheres\/","title":{"rendered":"Audi\u00eancia debate impactos da reforma tribut\u00e1ria no consumo das mulheres"},"content":{"rendered":"<div class=\"image-container\">\n<div class=\"midia-creditos\"><em>Zeca Ribeiro \/ C\u00e2mara dos Deputados<\/em><\/div>\n<div class=\"media-wrapper\"><\/div>\n<div class=\"midia-legenda\">Erika: a reforma tribut\u00e1ria precisa considerar necessidades espec\u00edficas das mulheres<\/div>\n<\/div>\n<p>A Comiss\u00e3o de Defesa dos Direitos da Mulher da C\u00e2mara dos Deputados realiza uma audi\u00eancia p\u00fablica na pr\u00f3xima segunda-feira (3) sobre reforma tribut\u00e1ria e equidade de g\u00eanero. A reuni\u00e3o ser\u00e1 realizada no\u00a0plen\u00e1rio 14, a partir das 14 horas, a pedido da deputada Erika Kokay (PT-DF).<\/p>\n<p><a href=\"https:\/\/www.camara.leg.br\/evento-legislativo\/73020\">Veja quem foi convidado para falar sobre o assunto<\/a><\/p>\n<p>A parlamentar explica que a inten\u00e7\u00e3o \u00e9 discutir os impactos dessas pol\u00edticas no consumo, considerando suas diferentes repercuss\u00f5es sobre homens e mulheres.<\/p>\n<p>&#8220;A desonera\u00e7\u00e3o de produtos necess\u00e1rios para a sa\u00fade e bem-estar femininos \u00e9 um exemplo pr\u00e1tico de como a tributa\u00e7\u00e3o pode ser adaptada para promover a equidade de g\u00eanero&#8221;, afirma Erika.<\/p>\n<p>&#8220;Neste sentido, \u00e9 crucial n\u00e3o apenas analisar como as pol\u00edticas fiscais e a reforma tribut\u00e1ria impactam as mulheres, mas tamb\u00e9m desenvolver estrat\u00e9gias para incorporar ativamente a perspectiva de g\u00eanero nas pol\u00edticas tribut\u00e1rias.&#8221;<\/p>\n<p>A audi\u00eancia tamb\u00e9m deve debater o impacto da reforma tribut\u00e1ria sobre\u00a0produtos como tabaco, \u00e1lcool e ultraprocessados.<\/p>","protected":false},"excerpt":{"rendered":"<p>Zeca Ribeiro \/ C\u00e2mara dos Deputados Erika: a reforma tribut\u00e1ria precisa considerar necessidades espec\u00edficas das mulheres A Comiss\u00e3o de Defesa dos Direitos da Mulher da C\u00e2mara dos Deputados realiza uma audi\u00eancia p\u00fablica na pr\u00f3xima segunda-feira (3) sobre reforma tribut\u00e1ria e equidade de g\u00eanero. A reuni\u00e3o ser\u00e1 realizada no\u00a0plen\u00e1rio 14, a partir das 14 horas, a [&hellip;]<\/p>\n","protected":false},"author":0,"featured_media":0,"comment_status":"open","ping_status":"open","sticky":false,"template":"","format":"standard","meta":{"footnotes":""},"categories":[1],"tags":[],"_links":{"self":[{"href":"https:\/\/jeffersonisac.adv.br\/index.php\/wp-json\/wp\/v2\/posts\/6192"}],"collection":[{"href":"https:\/\/jeffersonisac.adv.br\/index.php\/wp-json\/wp\/v2\/posts"}],"about":[{"href":"https:\/\/jeffersonisac.adv.br\/index.php\/wp-json\/wp\/v2\/types\/post"}],"replies":[{"embeddable":true,"href":"https:\/\/jeffersonisac.adv.br\/index.php\/wp-json\/wp\/v2\/comments?post=6192"}],"version-history":[{"count":0,"href":"https:\/\/jeffersonisac.adv.br\/index.php\/wp-json\/wp\/v2\/posts\/6192\/revisions"}],"wp:attachment":[{"href":"https:\/\/jeffersonisac.adv.br\/index.php\/wp-json\/wp\/v2\/media?parent=6192"}],"wp:term":[{"taxonomy":"category","embeddable":true,"href":"https:\/\/jeffersonisac.adv.br\/index.php\/wp-json\/wp\/v2\/categories?post=6192"},{"taxonomy":"post_tag","embeddable":true,"href":"https:\/\/jeffersonisac.adv.br\/index.php\/wp-json\/wp\/v2\/tags?post=6192"}],"curies":[{"name":"wp","href":"https:\/\/api.w.org\/{rel}","templated":true}]}}