{"id":6195,"date":"2024-05-29T11:51:22","date_gmt":"2024-05-29T14:51:22","guid":{"rendered":"https:\/\/jeffersonisac.adv.br\/index.php\/2024\/05\/29\/comissao-aprova-projeto-que-preve-vestibular-especial-para-ingresso-de-pessoas-idosas-em-universidades\/"},"modified":"2024-05-29T11:51:22","modified_gmt":"2024-05-29T14:51:22","slug":"comissao-aprova-projeto-que-preve-vestibular-especial-para-ingresso-de-pessoas-idosas-em-universidades","status":"publish","type":"post","link":"https:\/\/jeffersonisac.adv.br\/index.php\/2024\/05\/29\/comissao-aprova-projeto-que-preve-vestibular-especial-para-ingresso-de-pessoas-idosas-em-universidades\/","title":{"rendered":"Comiss\u00e3o aprova projeto que prev\u00ea vestibular especial para ingresso de pessoas idosas em universidades"},"content":{"rendered":"<div class=\"image-container\">\n<div class=\"midia-creditos\"><em>Zeca Ribeiro\/C\u00e2mara dos Deputados<\/em><\/div>\n<div class=\"media-wrapper\"><\/div>\n<div class=\"midia-legenda\">Marcelo Crivella: medida reconhece valor intelectual das pessoas idosas<\/div>\n<\/div>\n<p>A Comiss\u00e3o de Defesa dos Direitos da Pessoa Idosa da C\u00e2mara dos Deputados aprovou projeto que determina que os processos seletivos das institui\u00e7\u00f5es de educa\u00e7\u00e3o superior dever\u00e3o apresentar formatos acess\u00edveis e adequados \u00e0s pessoas idosas. O objetivo \u00e9 garantir oportunidade igualit\u00e1ria de acesso \u00e0 educa\u00e7\u00e3o.<\/p>\n<p>Foi aprovado o <span class=\"termoGlossario\">substitutivo<\/span> do relator, deputado Marcelo Crivella (Republicanos-RJ), ao <a href=\"https:\/\/www.camara.leg.br\/noticias\/1044417-projeto-torna-obrigatorios-vestibulares-especiais-para-ingresso-de-pessoas-idosas-em-universidades\/\">Projeto de Lei 468\/24<\/a>, do deputado David Soares (Uni\u00e3o-SP). O substitutivo traz apenas altera\u00e7\u00f5es formais, sem interferir no conte\u00fado do texto.<\/p>\n<p>Segundo Crivella,\u00a0 a proposta reconhece o valor intelectual dos cidad\u00e3os com idade igual ou superior a 60 anos. \u201cAo eliminar barreiras de acesso ao ensino superior para essas pessoas, a proposi\u00e7\u00e3o valoriza a experi\u00eancia e a sabedoria acumuladas ao longo dos anos e tamb\u00e9m propicia a constru\u00e7\u00e3o de uma sociedade mais diversificada\u201d, disse.<\/p>\n<p>O texto inclui a medida no <a href=\"https:\/\/www2.camara.leg.br\/legin\/fed\/lei\/2003\/lei-10741-1-outubro-2003-497511-norma-pl.html\">Estatuto da Pessoa Idosa<\/a>. Hoje, a lei j\u00e1 prev\u00ea que as institui\u00e7\u00f5es de educa\u00e7\u00e3o superior ofertem \u00e0s pessoas idosas cursos e programas de extens\u00e3o, presenciais ou a dist\u00e2ncia.<\/p>\n<p><strong>Pr\u00f3ximos passos<\/strong><br \/>\nA proposta ainda ser\u00e1 analisada, em <span class=\"termoGlossario\">car\u00e1ter conclusivo<\/span>, pelas comiss\u00f5es de Educa\u00e7\u00e3o; e de Constitui\u00e7\u00e3o e Justi\u00e7a e de Cidadania.<\/p>\n<p><a href=\"https:\/\/www.camara.leg.br\/noticias\/573454-SAIBA-MAIS-SOBRE-A-TRAMITACAO-DE-PROJETOS-DE-LEI\">Saiba mais sobre a tramita\u00e7\u00e3o de projetos de lei<\/a><\/p>","protected":false},"excerpt":{"rendered":"<p>Zeca Ribeiro\/C\u00e2mara dos Deputados Marcelo Crivella: medida reconhece valor intelectual das pessoas idosas A Comiss\u00e3o de Defesa dos Direitos da Pessoa Idosa da C\u00e2mara dos Deputados aprovou projeto que determina que os processos seletivos das institui\u00e7\u00f5es de educa\u00e7\u00e3o superior dever\u00e3o apresentar formatos acess\u00edveis e adequados \u00e0s pessoas idosas. O objetivo \u00e9 garantir oportunidade igualit\u00e1ria de [&hellip;]<\/p>\n","protected":false},"author":0,"featured_media":0,"comment_status":"open","ping_status":"open","sticky":false,"template":"","format":"standard","meta":{"footnotes":""},"categories":[1],"tags":[],"_links":{"self":[{"href":"https:\/\/jeffersonisac.adv.br\/index.php\/wp-json\/wp\/v2\/posts\/6195"}],"collection":[{"href":"https:\/\/jeffersonisac.adv.br\/index.php\/wp-json\/wp\/v2\/posts"}],"about":[{"href":"https:\/\/jeffersonisac.adv.br\/index.php\/wp-json\/wp\/v2\/types\/post"}],"replies":[{"embeddable":true,"href":"https:\/\/jeffersonisac.adv.br\/index.php\/wp-json\/wp\/v2\/comments?post=6195"}],"version-history":[{"count":0,"href":"https:\/\/jeffersonisac.adv.br\/index.php\/wp-json\/wp\/v2\/posts\/6195\/revisions"}],"wp:attachment":[{"href":"https:\/\/jeffersonisac.adv.br\/index.php\/wp-json\/wp\/v2\/media?parent=6195"}],"wp:term":[{"taxonomy":"category","embeddable":true,"href":"https:\/\/jeffersonisac.adv.br\/index.php\/wp-json\/wp\/v2\/categories?post=6195"},{"taxonomy":"post_tag","embeddable":true,"href":"https:\/\/jeffersonisac.adv.br\/index.php\/wp-json\/wp\/v2\/tags?post=6195"}],"curies":[{"name":"wp","href":"https:\/\/api.w.org\/{rel}","templated":true}]}}