{"id":6204,"date":"2024-05-29T17:43:31","date_gmt":"2024-05-29T20:43:31","guid":{"rendered":"https:\/\/jeffersonisac.adv.br\/index.php\/2024\/05\/29\/grupo-de-trabalho-que-analisa-regulamentacao-da-reforma-tributaria-reune-especialistas-na-segunda-feira\/"},"modified":"2024-05-29T17:43:31","modified_gmt":"2024-05-29T20:43:31","slug":"grupo-de-trabalho-que-analisa-regulamentacao-da-reforma-tributaria-reune-especialistas-na-segunda-feira","status":"publish","type":"post","link":"https:\/\/jeffersonisac.adv.br\/index.php\/2024\/05\/29\/grupo-de-trabalho-que-analisa-regulamentacao-da-reforma-tributaria-reune-especialistas-na-segunda-feira\/","title":{"rendered":"Grupo de trabalho que analisa regulamenta\u00e7\u00e3o da reforma tribut\u00e1ria re\u00fane especialistas na segunda-feira"},"content":{"rendered":"<div class=\"image-container\">\n<div class=\"midia-creditos\"><em>Vinicius Loures\/C\u00e2mara dos Deputados<\/em><\/div>\n<div class=\"media-wrapper\"><\/div>\n<div class=\"midia-legenda\">Nesta semana, o grupo ouviu o secret\u00e1rio especial de reforma tribut\u00e1ria, Bernard Appy<\/div>\n<\/div>\n<p>O grupo de trabalho destinado a analisar a regulamenta\u00e7\u00e3o da reforma tribut\u00e1ria promove audi\u00eancia p\u00fablica com especialistas no tema na pr\u00f3xima segunda-feira (3). O debate ocorre \u00e0s 14h30, no plen\u00e1rio 4.<\/p>\n<p><a href=\"https:\/\/www.camara.leg.br\/evento-legislativo\/73169\">Confira a lista de convidados<\/a><\/p>\n<p>O grupo discute o <a class=\"linkProposicao\" href=\"https:\/\/www.camara.leg.br\/noticias\/1056840-proposta-do-governo-regulamenta-impostos-criados-pela-reforma-tributaria\">Projeto de Lei Complementar 68\/24<\/a>, que institui o Imposto sobre Bens e Servi\u00e7os (IBS), a Contribui\u00e7\u00e3o Social sobre Bens e Servi\u00e7os (CBS) e o Imposto Seletivo (IS).<\/p>\n<p><a href=\"https:\/\/www.camara.leg.br\/noticias\/1057389-veja-os-principais-pontos-da-proposta-de-regulamentacao-da-reforma-tributaria\/\">Conhe\u00e7a o projeto do governo que regulamenta a reforma tribut\u00e1ria<\/a><\/p>","protected":false},"excerpt":{"rendered":"<p>Vinicius Loures\/C\u00e2mara dos Deputados Nesta semana, o grupo ouviu o secret\u00e1rio especial de reforma tribut\u00e1ria, Bernard Appy O grupo de trabalho destinado a analisar a regulamenta\u00e7\u00e3o da reforma tribut\u00e1ria promove audi\u00eancia p\u00fablica com especialistas no tema na pr\u00f3xima segunda-feira (3). O debate ocorre \u00e0s 14h30, no plen\u00e1rio 4. Confira a lista de convidados O grupo [&hellip;]<\/p>\n","protected":false},"author":0,"featured_media":0,"comment_status":"open","ping_status":"open","sticky":false,"template":"","format":"standard","meta":{"footnotes":""},"categories":[1],"tags":[],"_links":{"self":[{"href":"https:\/\/jeffersonisac.adv.br\/index.php\/wp-json\/wp\/v2\/posts\/6204"}],"collection":[{"href":"https:\/\/jeffersonisac.adv.br\/index.php\/wp-json\/wp\/v2\/posts"}],"about":[{"href":"https:\/\/jeffersonisac.adv.br\/index.php\/wp-json\/wp\/v2\/types\/post"}],"replies":[{"embeddable":true,"href":"https:\/\/jeffersonisac.adv.br\/index.php\/wp-json\/wp\/v2\/comments?post=6204"}],"version-history":[{"count":0,"href":"https:\/\/jeffersonisac.adv.br\/index.php\/wp-json\/wp\/v2\/posts\/6204\/revisions"}],"wp:attachment":[{"href":"https:\/\/jeffersonisac.adv.br\/index.php\/wp-json\/wp\/v2\/media?parent=6204"}],"wp:term":[{"taxonomy":"category","embeddable":true,"href":"https:\/\/jeffersonisac.adv.br\/index.php\/wp-json\/wp\/v2\/categories?post=6204"},{"taxonomy":"post_tag","embeddable":true,"href":"https:\/\/jeffersonisac.adv.br\/index.php\/wp-json\/wp\/v2\/tags?post=6204"}],"curies":[{"name":"wp","href":"https:\/\/api.w.org\/{rel}","templated":true}]}}