{"id":6223,"date":"2024-06-03T15:03:34","date_gmt":"2024-06-03T18:03:34","guid":{"rendered":"https:\/\/jeffersonisac.adv.br\/index.php\/2024\/06\/03\/comissao-recebe-ministro-para-discutir-politicas-publicas-para-pessoas-com-deficiencia\/"},"modified":"2024-06-03T15:03:34","modified_gmt":"2024-06-03T18:03:34","slug":"comissao-recebe-ministro-para-discutir-politicas-publicas-para-pessoas-com-deficiencia","status":"publish","type":"post","link":"https:\/\/jeffersonisac.adv.br\/index.php\/2024\/06\/03\/comissao-recebe-ministro-para-discutir-politicas-publicas-para-pessoas-com-deficiencia\/","title":{"rendered":"Comiss\u00e3o recebe ministro para discutir pol\u00edticas p\u00fablicas para pessoas com defici\u00eancia"},"content":{"rendered":"<div class=\"image-container\">\n<div class=\"midia-creditos\"><em>L\u00facio Bernardo Jr\/Ag\u00eancia Bras\u00edlia<\/em><\/div>\n<div class=\"media-wrapper\"><\/div>\n<div class=\"midia-legenda\">Audi\u00eancia vai discutir o enfrentamento ao capacitismo<\/div>\n<\/div>\n<p>A Comiss\u00e3o de Defesa dos Direitos das Pessoas com Defici\u00eancia realiza audi\u00eancia p\u00fablica nesta ter\u00e7a-feira (4) com a presen\u00e7a do ministro dos Direitos Humanos e Cidadania, S\u00edlvio Almeida, para discutir as pol\u00edticas p\u00fablicas para pessoas com defici\u00eancia implementadas pelo minist\u00e9rio. O debate ser\u00e1 realizado \u00e0s 14 horas, no plen\u00e1rio 13.<\/p>\n<p><a href=\"https:\/\/www.camara.leg.br\/evento-legislativo\/72633\">Confira a lista de convidados<\/a>.<\/p>\n<p>A deputada Rosangela Moro (Uni\u00e3o-SP), que pediu a audi\u00eancia, lembra que a Secretaria Nacional dos Direitos da Pessoa com Defici\u00eancia tem a miss\u00e3o de promover os direitos humanos de todas as pessoas com defici\u00eancia que residem no Brasil.<\/p>\n<p>&#8220;Para cumprir essa miss\u00e3o, a Secretaria se empenha em conceber, propor e coordenar pol\u00edticas p\u00fablicas de promo\u00e7\u00e3o e defesa de direitos humanos e de enfrentamento ao capacitismo \u2013 termo que se refere ao preconceito e \u00e0 discrimina\u00e7\u00e3o deliberada ou acidental que pessoas com defici\u00eancia sofrem diariamente em suas vidas&#8221;, observou.<\/p>\n<p>A deputada considera fundamental que o ministro Silvio Almeida compare\u00e7a \u00e0 Comiss\u00e3o de Defesa dos Direitos das Pessoas com Defici\u00eancia para apresentar &#8220;o planejamento e a\u00e7\u00f5es de sua gest\u00e3o no primeiro ano \u00e0 frente do minist\u00e9rio&#8221;.<\/p>","protected":false},"excerpt":{"rendered":"<p>L\u00facio Bernardo Jr\/Ag\u00eancia Bras\u00edlia Audi\u00eancia vai discutir o enfrentamento ao capacitismo A Comiss\u00e3o de Defesa dos Direitos das Pessoas com Defici\u00eancia realiza audi\u00eancia p\u00fablica nesta ter\u00e7a-feira (4) com a presen\u00e7a do ministro dos Direitos Humanos e Cidadania, S\u00edlvio Almeida, para discutir as pol\u00edticas p\u00fablicas para pessoas com defici\u00eancia implementadas pelo minist\u00e9rio. O debate ser\u00e1 realizado [&hellip;]<\/p>\n","protected":false},"author":0,"featured_media":0,"comment_status":"open","ping_status":"open","sticky":false,"template":"","format":"standard","meta":{"footnotes":""},"categories":[1],"tags":[],"_links":{"self":[{"href":"https:\/\/jeffersonisac.adv.br\/index.php\/wp-json\/wp\/v2\/posts\/6223"}],"collection":[{"href":"https:\/\/jeffersonisac.adv.br\/index.php\/wp-json\/wp\/v2\/posts"}],"about":[{"href":"https:\/\/jeffersonisac.adv.br\/index.php\/wp-json\/wp\/v2\/types\/post"}],"replies":[{"embeddable":true,"href":"https:\/\/jeffersonisac.adv.br\/index.php\/wp-json\/wp\/v2\/comments?post=6223"}],"version-history":[{"count":0,"href":"https:\/\/jeffersonisac.adv.br\/index.php\/wp-json\/wp\/v2\/posts\/6223\/revisions"}],"wp:attachment":[{"href":"https:\/\/jeffersonisac.adv.br\/index.php\/wp-json\/wp\/v2\/media?parent=6223"}],"wp:term":[{"taxonomy":"category","embeddable":true,"href":"https:\/\/jeffersonisac.adv.br\/index.php\/wp-json\/wp\/v2\/categories?post=6223"},{"taxonomy":"post_tag","embeddable":true,"href":"https:\/\/jeffersonisac.adv.br\/index.php\/wp-json\/wp\/v2\/tags?post=6223"}],"curies":[{"name":"wp","href":"https:\/\/api.w.org\/{rel}","templated":true}]}}