{"id":810,"date":"2023-08-14T17:20:10","date_gmt":"2023-08-14T20:20:10","guid":{"rendered":"https:\/\/jeffersonisac.adv.br\/index.php\/2023\/08\/14\/comissao-debate-efetividade-da-lei-maria-da-penha\/"},"modified":"2023-08-14T17:20:10","modified_gmt":"2023-08-14T20:20:10","slug":"comissao-debate-efetividade-da-lei-maria-da-penha","status":"publish","type":"post","link":"https:\/\/jeffersonisac.adv.br\/index.php\/2023\/08\/14\/comissao-debate-efetividade-da-lei-maria-da-penha\/","title":{"rendered":"Comiss\u00e3o debate efetividade da Lei Maria da Penha"},"content":{"rendered":"<div class=\"image-container\">\n<div class=\"midia-creditos\"><em>Bruno Spada\/C\u00e2mara dos Deputados<\/em><\/div>\n<div class=\"media-wrapper\"><\/div>\n<div class=\"midia-legenda\">Deputadas na abertura da campanha Agosto Lil\u00e1s<\/div>\n<\/div>\n<p>A Comiss\u00e3o de Defesa dos Direitos da Mulher promove audi\u00eancia p\u00fablica na quinta-feira (17) para marcar a campanha Agosto Lil\u00e1s, <a href=\"https:\/\/www.camara.leg.br\/noticias\/983502-campanha-agosto-lilas-traz-reflexao-sobre-mulheres-em-situacao-de-violencia\/\">que prev\u00ea a\u00e7\u00f5es sobre o enfrentamento da viol\u00eancia contra a mulher<\/a>. O evento ser\u00e1 realizado em parceira com a Secretaria da Mulher da C\u00e2mara dos Deputados.<\/p>\n<p>O debate atende requerimentos das deputadas Fl\u00e1via Morais (PDT-GO) e Juliana Cardoso (PT-SP) e ser\u00e1 centrado na efetividade da <span class=\"termoGlossario\">Lei Maria da Penha<\/span> e dos dispositivos p\u00fablicos de combate \u00e0 viol\u00eancia contra a mulher implementados nos \u00faltimos cinco anos.<\/p>\n<p>Foram convidadas, entre outras:<\/p>\n<p>a representante do Conselho Nacional de Justi\u00e7a (CNJ) Amini Haddad;<br \/>\na coordenadora do N\u00facleo de Pesquisas sobre Mulheres da UnB, Ela Wiecko;<br \/>\na representante do Cons\u00f3rcio Maria da Penha, Lia Zanotta Machado.<\/p>\n<p>A reuni\u00e3o ocorre \u00e0s 10 horas, no plen\u00e1rio 14. <a href=\"https:\/\/www.camara.leg.br\/evento-legislativo\/69140\">Confira a pauta completa<\/a>.<\/p>","protected":false},"excerpt":{"rendered":"<p>Bruno Spada\/C\u00e2mara dos Deputados Deputadas na abertura da campanha Agosto Lil\u00e1s A Comiss\u00e3o de Defesa dos Direitos da Mulher promove audi\u00eancia p\u00fablica na quinta-feira (17) para marcar a campanha Agosto Lil\u00e1s, que prev\u00ea a\u00e7\u00f5es sobre o enfrentamento da viol\u00eancia contra a mulher. O evento ser\u00e1 realizado em parceira com a Secretaria da Mulher da C\u00e2mara [&hellip;]<\/p>\n","protected":false},"author":0,"featured_media":0,"comment_status":"open","ping_status":"open","sticky":false,"template":"","format":"standard","meta":{"footnotes":""},"categories":[1],"tags":[],"_links":{"self":[{"href":"https:\/\/jeffersonisac.adv.br\/index.php\/wp-json\/wp\/v2\/posts\/810"}],"collection":[{"href":"https:\/\/jeffersonisac.adv.br\/index.php\/wp-json\/wp\/v2\/posts"}],"about":[{"href":"https:\/\/jeffersonisac.adv.br\/index.php\/wp-json\/wp\/v2\/types\/post"}],"replies":[{"embeddable":true,"href":"https:\/\/jeffersonisac.adv.br\/index.php\/wp-json\/wp\/v2\/comments?post=810"}],"version-history":[{"count":0,"href":"https:\/\/jeffersonisac.adv.br\/index.php\/wp-json\/wp\/v2\/posts\/810\/revisions"}],"wp:attachment":[{"href":"https:\/\/jeffersonisac.adv.br\/index.php\/wp-json\/wp\/v2\/media?parent=810"}],"wp:term":[{"taxonomy":"category","embeddable":true,"href":"https:\/\/jeffersonisac.adv.br\/index.php\/wp-json\/wp\/v2\/categories?post=810"},{"taxonomy":"post_tag","embeddable":true,"href":"https:\/\/jeffersonisac.adv.br\/index.php\/wp-json\/wp\/v2\/tags?post=810"}],"curies":[{"name":"wp","href":"https:\/\/api.w.org\/{rel}","templated":true}]}}