{"id":820,"date":"2023-08-15T16:05:07","date_gmt":"2023-08-15T19:05:07","guid":{"rendered":"https:\/\/jeffersonisac.adv.br\/index.php\/2023\/08\/15\/comissao-aprova-proposta-que-preve-doacao-para-cultura-na-declaracao-do-imposto-de-renda\/"},"modified":"2023-08-15T16:05:07","modified_gmt":"2023-08-15T19:05:07","slug":"comissao-aprova-proposta-que-preve-doacao-para-cultura-na-declaracao-do-imposto-de-renda","status":"publish","type":"post","link":"https:\/\/jeffersonisac.adv.br\/index.php\/2023\/08\/15\/comissao-aprova-proposta-que-preve-doacao-para-cultura-na-declaracao-do-imposto-de-renda\/","title":{"rendered":"Comiss\u00e3o aprova proposta que prev\u00ea doa\u00e7\u00e3o para cultura na declara\u00e7\u00e3o do Imposto de Renda"},"content":{"rendered":"<div class=\"image-container\">\n<div class=\"midia-creditos\"><em>Bruno Spada\/C\u00e2mara dos Deputados<\/em><\/div>\n<div class=\"media-wrapper\"><\/div>\n<div class=\"midia-legenda\">Alfredinho acredita que proposta vai estimular a participa\u00e7\u00e3o de pessoas f\u00edsicas no financiamento da cultura<\/div>\n<\/div>\n<p>A Comiss\u00e3o de Cultura da C\u00e2mara dos Deputados aprovou o <a class=\"linkProposicao\" href=\"https:\/\/www.camara.leg.br\/noticias\/986568-proposta-preve-doacao-para-cultura-na-declaracao-do-imposto-de-renda\">Projeto de Lei 1730\/23<\/a>, que possibilita doa\u00e7\u00f5es e patroc\u00ednios culturais diretamente na Declara\u00e7\u00e3o de Ajuste Anual em troca de dedu\u00e7\u00e3o no Imposto de Renda das Pessoas F\u00edsicas (IRPF). O texto insere dispositivos a <a class=\"linkLegislacao\" href=\"https:\/\/www2.camara.gov.br\/legin\/fed\/lei\/1991\/lei-8313-23-dezembro-1991-363660-norma-pl.html\">Lei Rouanet.<\/a><\/p>\n<p>O relator no colegiado, deputado Alfredinho (PT-SP), recomendou a aprova\u00e7\u00e3o do texto. \u201cEsta proposta simplifica, p\u00f5e em evid\u00eancia, aproxima e estimula a participa\u00e7\u00e3o de pessoas f\u00edsicas \u2013 hoje t\u00e3o baixa \u2013 no financiamento da cultura\u201d, disse.<\/p>\n<p>Conforme a proposta, as doa\u00e7\u00f5es e os patroc\u00ednios ao setor cultural dever\u00e3o ficar dentro do limite para esse tipo de dedu\u00e7\u00e3o, de 6% do IR devido no exerc\u00edcio. O texto determina ainda que a Receita Federal disponibilizar\u00e1, no preenchimento da declara\u00e7\u00e3o, uma lista de projetos e iniciativas habilitados a receber recursos.<\/p>\n<p>\u201cDesta forma, ocorreria no Brasil uma verdadeira democratiza\u00e7\u00e3o do acesso aos recursos das doa\u00e7\u00f5es feitas via Lei Rouanet\u201d, disse o autor da proposta, deputado Marcelo Queiroz (PP-RJ). \u201cProjetos pequenos, que exigem menos verbas, seriam os principais beneficiados\u201d, afirmou o parlamentar ao defender as mudan\u00e7as.<\/p>\n<p><strong>Tramita\u00e7\u00e3o<\/strong><br \/>\nO projeto tramita em <span class=\"termoGlossario\">car\u00e1ter conclusivo<\/span> e ser\u00e1 analisado pelas comiss\u00f5es de Cultura; de Finan\u00e7as e Tributa\u00e7\u00e3o; e de Constitui\u00e7\u00e3o e Justi\u00e7a e de Cidadania.<\/p>\n<p><a href=\"https:\/\/www.camara.leg.br\/noticias\/573454-SAIBA-MAIS-SOBRE-A-TRAMITACAO-DE-PROJETOS-DE-LEI\">Saiba mais sobre a tramita\u00e7\u00e3o de projetos de lei<\/a><\/p>","protected":false},"excerpt":{"rendered":"<p>Bruno Spada\/C\u00e2mara dos Deputados Alfredinho acredita que proposta vai estimular a participa\u00e7\u00e3o de pessoas f\u00edsicas no financiamento da cultura A Comiss\u00e3o de Cultura da C\u00e2mara dos Deputados aprovou o Projeto de Lei 1730\/23, que possibilita doa\u00e7\u00f5es e patroc\u00ednios culturais diretamente na Declara\u00e7\u00e3o de Ajuste Anual em troca de dedu\u00e7\u00e3o no Imposto de Renda das Pessoas [&hellip;]<\/p>\n","protected":false},"author":0,"featured_media":0,"comment_status":"open","ping_status":"open","sticky":false,"template":"","format":"standard","meta":{"footnotes":""},"categories":[1],"tags":[],"_links":{"self":[{"href":"https:\/\/jeffersonisac.adv.br\/index.php\/wp-json\/wp\/v2\/posts\/820"}],"collection":[{"href":"https:\/\/jeffersonisac.adv.br\/index.php\/wp-json\/wp\/v2\/posts"}],"about":[{"href":"https:\/\/jeffersonisac.adv.br\/index.php\/wp-json\/wp\/v2\/types\/post"}],"replies":[{"embeddable":true,"href":"https:\/\/jeffersonisac.adv.br\/index.php\/wp-json\/wp\/v2\/comments?post=820"}],"version-history":[{"count":0,"href":"https:\/\/jeffersonisac.adv.br\/index.php\/wp-json\/wp\/v2\/posts\/820\/revisions"}],"wp:attachment":[{"href":"https:\/\/jeffersonisac.adv.br\/index.php\/wp-json\/wp\/v2\/media?parent=820"}],"wp:term":[{"taxonomy":"category","embeddable":true,"href":"https:\/\/jeffersonisac.adv.br\/index.php\/wp-json\/wp\/v2\/categories?post=820"},{"taxonomy":"post_tag","embeddable":true,"href":"https:\/\/jeffersonisac.adv.br\/index.php\/wp-json\/wp\/v2\/tags?post=820"}],"curies":[{"name":"wp","href":"https:\/\/api.w.org\/{rel}","templated":true}]}}