{"id":828,"date":"2023-08-15T18:58:30","date_gmt":"2023-08-15T21:58:30","guid":{"rendered":"https:\/\/jeffersonisac.adv.br\/index.php\/2023\/08\/15\/fotografo-diz-a-cpi-que-apenas-exerceu-sua-profissao-ao-registrar-a-invasao-do-planalto\/"},"modified":"2023-08-15T18:58:30","modified_gmt":"2023-08-15T21:58:30","slug":"fotografo-diz-a-cpi-que-apenas-exerceu-sua-profissao-ao-registrar-a-invasao-do-planalto","status":"publish","type":"post","link":"https:\/\/jeffersonisac.adv.br\/index.php\/2023\/08\/15\/fotografo-diz-a-cpi-que-apenas-exerceu-sua-profissao-ao-registrar-a-invasao-do-planalto\/","title":{"rendered":"Fot\u00f3grafo diz \u00e0 CPI que apenas exerceu sua profiss\u00e3o ao registrar a invas\u00e3o do Planalto"},"content":{"rendered":"<div class=\"image-container\">\n<div class=\"midia-creditos\"><em>Bruno Spada\/C\u00e2mara dos Deputados<\/em><\/div>\n<div class=\"media-wrapper\"><\/div>\n<div class=\"midia-legenda\">Adriano Machado disse que n\u00e3o teve escolha a n\u00e3o ser cumprimentar invasores<\/div>\n<\/div>\n<p>Convocado pela CPI Mista do 8 de Janeiro, o fot\u00f3grafo da Ag\u00eancia Reuters Adriano Machado disse nesta ter\u00e7a-feira (15) aos membros da comiss\u00e3o que deletou algumas fotos a pedido de um dos invasores do Pal\u00e1cio do Planalto e at\u00e9 o cumprimentou depois disso como maneira de continuar registrando o acontecimento sem ser agredido.<\/p>\n<p>Mesmo assim, Adriano relatou que foi agredido, xingado e at\u00e9 amea\u00e7ado com uma arma de choque em outros momentos. Os parlamentares que pediram a convoca\u00e7\u00e3o levantaram suspeitas de que o fot\u00f3grafo estava em conluio com os v\u00e2ndalos, principalmente por causa das imagens em que ele aparece apagando fotos e cumprimentando um invasor.<\/p>\n<p>Adriano disse que apenas exerceu a sua profiss\u00e3o, inclusive com equipamentos de seguran\u00e7a como colete a prova de balas, capacete e m\u00e1scara de g\u00e1s. Ao descrever o momento do cumprimento, que ocorreu ap\u00f3s um grupo invadir a antessala do gabinete da Presid\u00eancia, ele disse que foi abordado por um dos invasores que pediu a ele que apagasse as fotos daquele acontecimento e, em seguida, o cumprimentou.<\/p>\n<p>\u201cEu n\u00e3o conhe\u00e7o essas pessoas. Apesar de eu n\u00e3o endossar ou apoiar o que estava havendo, eu n\u00e3o tinha escolha a n\u00e3o ser cumprimentar de volta. Eu estava preocupado que, se me recusasse a retribuir o cumprimento, isso poderia levar a uma situa\u00e7\u00e3o perigosa para mim e cumpriment\u00e1-lo me pareceu uma boa maneira de aliviar a tens\u00e3o. \u201d<\/p>\n<p>Logo ap\u00f3s a fala inicial de Adriano, a senadora Eliziane Gama (PSD-MA), relatora da CPMI, disse que n\u00e3o v\u00ea rela\u00e7\u00e3o do fot\u00f3grafo com a investiga\u00e7\u00e3o da comiss\u00e3o.<\/p>\n<p>Mas, para o deputado Delegado Ramagem (PL-RJ), o v\u00eddeo da c\u00e2mera de seguran\u00e7a do Planalto mostra que o fot\u00f3grafo teria auxiliado os v\u00e2ndalos. \u201cO que n\u00f3s percebemos, claramente, \u00e9 que o senhor auxiliou, influenciou, participou e inclusive dirigiu uma cena de dano a patrim\u00f4nio p\u00fablico.\u201d Ramagem tamb\u00e9m disse que conhece uma jornalista presa ap\u00f3s o 8 de Janeiro e estranhou o fato de Adriano n\u00e3o ter sido preso nem sido chamado para depor.<\/p>\n<p>J\u00e1 o deputado Pr. Marco Feliciano (PL-SP) sugeriu que o fot\u00f3grafo poderia ter dado voz de pris\u00e3o para os invasores e n\u00e3o continuar registrando tudo sem tomar alguma atitude. Adriano rebateu, dizendo que o trabalho dele \u00e9 de fotojornalista.<\/p>\n<p>O deputado Rog\u00e9rio Correia (PT-MG) disse que a narrativa contra o fot\u00f3grafo caiu por terra. \u201cA tese de que havia infiltrados quebrando, que o fot\u00f3grafo foi l\u00e1 contratado por algu\u00e9m de fora para mostrar que os atos violentos eram inven\u00e7\u00e3o da esquerda. Isso caiu com o senhor vindo aqui hoje.\u201d<\/p>\n<div class=\"image-container\">\n<div class=\"midia-creditos\"><em>Bruno Spada \/ C\u00e2mara dos Deputados<\/em><\/div>\n<div class=\"media-wrapper\"><\/div>\n<div class=\"midia-legenda\">Rog\u00e9rio Correia: tese de que havia infiltrados caiu por terra<\/div>\n<\/div>\n<p><strong>For\u00e7a Nacional<\/strong><br \/>\nNo depoimento, Adriano Machado contou que ao caminhar para o Pal\u00e1cio do Planalto chegou a ver algum efetivo da For\u00e7a Nacional perto do Minist\u00e9rio da Justi\u00e7a. Para o senador Esperidi\u00e3o Amin (PP-SC), o relato \u00e9 mais uma evid\u00eancia de que houve pouca resist\u00eancia \u00e0 invas\u00e3o porque esse efetivo n\u00e3o teria sido deslocado para o Planalto.<\/p>\n<p>O deputado Pastor Henrique Vieira (Psol-RJ) disse que a legisla\u00e7\u00e3o atual s\u00f3 permite a a\u00e7\u00e3o da For\u00e7a Nacional quando solicitada pelo poder local. Segundo ele, o ministro da Justi\u00e7a, Fl\u00e1vio Dino, teria colocado o efetivo \u00e0 disposi\u00e7\u00e3o do governo do Distrito Federal.<\/p>\n<p><strong>C\u00e2meras<\/strong><br \/>\nNo in\u00edcio da reuni\u00e3o, alguns membros da CPI cobraram do presidente da comiss\u00e3o, deputado Arthur Oliveira Maia (Uni\u00e3o-BA) que determine a apreens\u00e3o de todas as imagens das c\u00e2meras de seguran\u00e7a do Minist\u00e9rio da Justi\u00e7a no dia 8 de janeiro, j\u00e1 requeridas pela comiss\u00e3o, mas que ainda n\u00e3o teriam sido entregues. Maia afirmou que est\u00e1 cuidando do caso, mas que n\u00e3o acha necess\u00e1rio confronto com o minist\u00e9rio.<\/p>\n<p><strong>Presentes<\/strong><br \/>\nJ\u00e1 a base do governo solicitou a investiga\u00e7\u00e3o do caso dos presentes recebidos pelo ex-presidente Jair Bolsonaro e que teriam sido vendidos e readquiridos de maneira ilegal. Eles pedem a quebra dos sigilos banc\u00e1rio e fiscal do ex-presidente e de sua esposa. Arthur Maia disse que n\u00e3o v\u00ea rela\u00e7\u00e3o disso com a CPI mista e que isso teria que ser objeto de outra comiss\u00e3o.<\/p>\n<p>\u201cN\u00e3o contem comigo para esse tipo de coisa. Eu sou uma pessoa muito ponderada. N\u00e3o estou aqui para defender o presidente Bolsonaro, n\u00e3o estou aqui para defender o governo. Eu estou aqui para cumprir o papel de esclarecer para o povo brasileiro, comandando os trabalhos, para que juntos possamos esclarecer o que aconteceu em 8 de janeiro.\u201d<\/p>\n<p>A relatora, senadora Eliziane Gama, disse, por\u00e9m, que acha que \u00e9 poss\u00edvel discutir alguns destes fatos na linha de apura\u00e7\u00e3o que busca esclarecer o financiamento dos atos do 8 de Janeiro.<\/p>","protected":false},"excerpt":{"rendered":"<p>Bruno Spada\/C\u00e2mara dos Deputados Adriano Machado disse que n\u00e3o teve escolha a n\u00e3o ser cumprimentar invasores Convocado pela CPI Mista do 8 de Janeiro, o fot\u00f3grafo da Ag\u00eancia Reuters Adriano Machado disse nesta ter\u00e7a-feira (15) aos membros da comiss\u00e3o que deletou algumas fotos a pedido de um dos invasores do Pal\u00e1cio do Planalto e at\u00e9 [&hellip;]<\/p>\n","protected":false},"author":0,"featured_media":0,"comment_status":"open","ping_status":"open","sticky":false,"template":"","format":"standard","meta":{"footnotes":""},"categories":[1],"tags":[],"_links":{"self":[{"href":"https:\/\/jeffersonisac.adv.br\/index.php\/wp-json\/wp\/v2\/posts\/828"}],"collection":[{"href":"https:\/\/jeffersonisac.adv.br\/index.php\/wp-json\/wp\/v2\/posts"}],"about":[{"href":"https:\/\/jeffersonisac.adv.br\/index.php\/wp-json\/wp\/v2\/types\/post"}],"replies":[{"embeddable":true,"href":"https:\/\/jeffersonisac.adv.br\/index.php\/wp-json\/wp\/v2\/comments?post=828"}],"version-history":[{"count":0,"href":"https:\/\/jeffersonisac.adv.br\/index.php\/wp-json\/wp\/v2\/posts\/828\/revisions"}],"wp:attachment":[{"href":"https:\/\/jeffersonisac.adv.br\/index.php\/wp-json\/wp\/v2\/media?parent=828"}],"wp:term":[{"taxonomy":"category","embeddable":true,"href":"https:\/\/jeffersonisac.adv.br\/index.php\/wp-json\/wp\/v2\/categories?post=828"},{"taxonomy":"post_tag","embeddable":true,"href":"https:\/\/jeffersonisac.adv.br\/index.php\/wp-json\/wp\/v2\/tags?post=828"}],"curies":[{"name":"wp","href":"https:\/\/api.w.org\/{rel}","templated":true}]}}