{"id":859,"date":"2023-08-17T09:05:30","date_gmt":"2023-08-17T12:05:30","guid":{"rendered":"https:\/\/jeffersonisac.adv.br\/index.php\/2023\/08\/17\/comissao-de-orcamento-vai-debater-transferencias-sem-indicacao-especifica\/"},"modified":"2023-08-17T09:22:49","modified_gmt":"2023-08-17T12:22:49","slug":"comissao-de-orcamento-vai-debater-transferencias-sem-indicacao-especifica","status":"publish","type":"post","link":"https:\/\/jeffersonisac.adv.br\/index.php\/2023\/08\/17\/comissao-de-orcamento-vai-debater-transferencias-sem-indicacao-especifica\/","title":{"rendered":"Comiss\u00e3o de Or\u00e7amento vai debater transfer\u00eancias sem indica\u00e7\u00e3o espec\u00edfica"},"content":{"rendered":"\n<div class=\"image-container\">\n<div class=\"midia-creditos\"><em>Vinicius Loures\/C\u00e2mara dos Deputados<\/em><\/div>\n<div class=\"media-wrapper\"><\/div>\n<div class=\"midia-legenda\">Adriana Ventura prop\u00f4s o debate na comiss\u00e3o<\/div>\n<\/div>\n<p>A <span class=\"termoGlossario\">Comiss\u00e3o Mista de Or\u00e7amento<\/span> realiza audi\u00eancia p\u00fablica nesta quinta-feira (17) sobre as chamadas transfer\u00eancias especiais, que s\u00e3o os repasses feitos pelo governo federal aos estados e munic\u00edpios sem que haja a indica\u00e7\u00e3o do objeto a ser executado, como obra, servi\u00e7o ou aquisi\u00e7\u00e3o de equipamento.<\/p>\n<p>A reuni\u00e3o foi proposta pela deputada Adriana Ventura (Novo-SP). Ela lembra que esses repasses, em geral, s\u00e3o realizados a partir de indica\u00e7\u00f5es de parlamentares por meio de emendas impositivas individuais. &#8220;A falta de transpar\u00eancia nas transfer\u00eancias especiais pode gerar problemas graves, como a falta de controle sobre a destina\u00e7\u00e3o dos recursos, a ocorr\u00eancia de desvios ou irregularidades e a dificuldade de avaliar a efetividade das pol\u00edticas p\u00fablicas&#8221;, argumentou.<\/p>\n<p>A audi\u00eancia est\u00e1 marcada para as 10 horas, no plen\u00e1rio 2.<\/p>\n<p><a href=\"https:\/\/www.camara.leg.br\/evento-legislativo\/69180\">Confira a pauta da reuni\u00e3o<\/a><\/p>\n","protected":false},"excerpt":{"rendered":"<p>Vinicius Loures\/C\u00e2mara dos Deputados Adriana Ventura prop\u00f4s o debate na comiss\u00e3o A Comiss\u00e3o Mista de Or\u00e7amento realiza audi\u00eancia p\u00fablica nesta quinta-feira (17) sobre as chamadas transfer\u00eancias especiais, que s\u00e3o os repasses feitos pelo governo federal aos estados e munic\u00edpios sem que haja a indica\u00e7\u00e3o do objeto a ser executado, como obra, servi\u00e7o ou aquisi\u00e7\u00e3o de [&hellip;]<\/p>\n","protected":false},"author":1,"featured_media":478,"comment_status":"open","ping_status":"open","sticky":false,"template":"","format":"standard","meta":{"footnotes":""},"categories":[1],"tags":[],"_links":{"self":[{"href":"https:\/\/jeffersonisac.adv.br\/index.php\/wp-json\/wp\/v2\/posts\/859"}],"collection":[{"href":"https:\/\/jeffersonisac.adv.br\/index.php\/wp-json\/wp\/v2\/posts"}],"about":[{"href":"https:\/\/jeffersonisac.adv.br\/index.php\/wp-json\/wp\/v2\/types\/post"}],"author":[{"embeddable":true,"href":"https:\/\/jeffersonisac.adv.br\/index.php\/wp-json\/wp\/v2\/users\/1"}],"replies":[{"embeddable":true,"href":"https:\/\/jeffersonisac.adv.br\/index.php\/wp-json\/wp\/v2\/comments?post=859"}],"version-history":[{"count":1,"href":"https:\/\/jeffersonisac.adv.br\/index.php\/wp-json\/wp\/v2\/posts\/859\/revisions"}],"predecessor-version":[{"id":865,"href":"https:\/\/jeffersonisac.adv.br\/index.php\/wp-json\/wp\/v2\/posts\/859\/revisions\/865"}],"wp:featuredmedia":[{"embeddable":true,"href":"https:\/\/jeffersonisac.adv.br\/index.php\/wp-json\/wp\/v2\/media\/478"}],"wp:attachment":[{"href":"https:\/\/jeffersonisac.adv.br\/index.php\/wp-json\/wp\/v2\/media?parent=859"}],"wp:term":[{"taxonomy":"category","embeddable":true,"href":"https:\/\/jeffersonisac.adv.br\/index.php\/wp-json\/wp\/v2\/categories?post=859"},{"taxonomy":"post_tag","embeddable":true,"href":"https:\/\/jeffersonisac.adv.br\/index.php\/wp-json\/wp\/v2\/tags?post=859"}],"curies":[{"name":"wp","href":"https:\/\/api.w.org\/{rel}","templated":true}]}}