{"id":971,"date":"2023-08-18T11:23:59","date_gmt":"2023-08-18T14:23:59","guid":{"rendered":"https:\/\/jeffersonisac.adv.br\/index.php\/2023\/08\/18\/promulgado-decreto-legislativo-com-acordo-previdenciario-entre-brasil-e-india\/"},"modified":"2023-08-18T11:23:59","modified_gmt":"2023-08-18T14:23:59","slug":"promulgado-decreto-legislativo-com-acordo-previdenciario-entre-brasil-e-india","status":"publish","type":"post","link":"https:\/\/jeffersonisac.adv.br\/index.php\/2023\/08\/18\/promulgado-decreto-legislativo-com-acordo-previdenciario-entre-brasil-e-india\/","title":{"rendered":"Promulgado decreto legislativo com acordo previdenci\u00e1rio entre Brasil e \u00cdndia"},"content":{"rendered":"<div class=\"image-container\">\n<div class=\"midia-creditos\"><em>Depositphotos<\/em><\/div>\n<div class=\"media-wrapper\"><\/div>\n<div class=\"midia-legenda\">Acordo regula acesso de trabalhadores de um pa\u00eds no sistema previdenci\u00e1rio do outro<\/div>\n<\/div>\n<p>O presidente do Congresso Nacional, senador Rodrigo Pacheco (PSD-MG), promulgou o Decreto Legislativo 76\/23, que referenda o acordo de Previd\u00eancia Social firmado entre Brasil e \u00cdndia. O texto foi publicado no Di\u00e1rio Oficial da Uni\u00e3o desta sexta-feira (18).<\/p>\n<p>O decreto legislativo corresponde \u00e0 anu\u00eancia do Congresso Nacional ao documento assinado pelo governo. Para entrar definitivamente em vigor, o acordo, <a href=\"https:\/\/www.camara.leg.br\/noticias\/916578-DEPUTADOS-APROVAM-ACORDO-PREVIDENCIARIO-ASSINADO-ENTRE-BRASIL-E-INDIA\">aprovado pela C\u00e2mara dos Deputados em 2022<\/a> e pelo Senado neste m\u00eas (PDL 215\/21), ainda precisa da ratifica\u00e7\u00e3o presidencial, feita por meio de decreto.<\/p>\n<p>Assinado em 2020, o acordo com a \u00cdndia visa regular o acesso de trabalhadores de um pa\u00eds e que residem no outro ao sistema previdenci\u00e1rio local. Com isso, os per\u00edodos de contribui\u00e7\u00e3o nos dois sistemas poder\u00e3o ser somados, facilitando o cumprimento dos prazos m\u00ednimos para aposentadoria e outros benef\u00edcios.<\/p>","protected":false},"excerpt":{"rendered":"<p>Depositphotos Acordo regula acesso de trabalhadores de um pa\u00eds no sistema previdenci\u00e1rio do outro O presidente do Congresso Nacional, senador Rodrigo Pacheco (PSD-MG), promulgou o Decreto Legislativo 76\/23, que referenda o acordo de Previd\u00eancia Social firmado entre Brasil e \u00cdndia. O texto foi publicado no Di\u00e1rio Oficial da Uni\u00e3o desta sexta-feira (18). O decreto legislativo [&hellip;]<\/p>\n","protected":false},"author":0,"featured_media":0,"comment_status":"open","ping_status":"open","sticky":false,"template":"","format":"standard","meta":{"footnotes":""},"categories":[1],"tags":[],"_links":{"self":[{"href":"https:\/\/jeffersonisac.adv.br\/index.php\/wp-json\/wp\/v2\/posts\/971"}],"collection":[{"href":"https:\/\/jeffersonisac.adv.br\/index.php\/wp-json\/wp\/v2\/posts"}],"about":[{"href":"https:\/\/jeffersonisac.adv.br\/index.php\/wp-json\/wp\/v2\/types\/post"}],"replies":[{"embeddable":true,"href":"https:\/\/jeffersonisac.adv.br\/index.php\/wp-json\/wp\/v2\/comments?post=971"}],"version-history":[{"count":0,"href":"https:\/\/jeffersonisac.adv.br\/index.php\/wp-json\/wp\/v2\/posts\/971\/revisions"}],"wp:attachment":[{"href":"https:\/\/jeffersonisac.adv.br\/index.php\/wp-json\/wp\/v2\/media?parent=971"}],"wp:term":[{"taxonomy":"category","embeddable":true,"href":"https:\/\/jeffersonisac.adv.br\/index.php\/wp-json\/wp\/v2\/categories?post=971"},{"taxonomy":"post_tag","embeddable":true,"href":"https:\/\/jeffersonisac.adv.br\/index.php\/wp-json\/wp\/v2\/tags?post=971"}],"curies":[{"name":"wp","href":"https:\/\/api.w.org\/{rel}","templated":true}]}}